{"id":5700,"date":"2021-05-28T08:18:31","date_gmt":"2021-05-28T08:18:31","guid":{"rendered":"https:\/\/glocalthinking.com\/top-5-hr-articles-of-the-month-may21\/"},"modified":"2021-08-31T10:41:08","modified_gmt":"2021-08-31T10:41:08","slug":"top-5-hr-articles-of-the-month-may21","status":"publish","type":"post","link":"https:\/\/glocalthinking.com\/en\/top-5-hr-articles-of-the-month-may21\/","title":{"rendered":"Top 5 HR Articles of the Month \u2013 May\u201921"},"content":{"rendered":"<p>Discover in this post our selection of some of the best articles related to the world of Human Resources for the month of May.<\/p>\n<p>1. <strong><a href=\"https:\/\/www.indeed.com\/lead\/how-to-set-gen-z-hires-up-for-success?hl=en&amp;co=US\" target=\"_blank\" rel=\"noopener\">Next-Gen Hires: Setting Gen Z Up for Success<\/a><\/strong><\/p>\n<p>We as individuals may not be getting any younger, but the opposite seems to be true of the workforce at large. I\u2019m meeting more Gen Z prospects as they age into the first jobs of their careers, and no doubt many employers find themselves in the same boat.<\/p>\n<p>By: Meghan M. Biro<\/p>\n<p>2. <a href=\"https:\/\/www.mckinsey.com\/business-functions\/organization\/our-insights\/what-executives-are-saying-about-the-future-of-hybrid-work\" target=\"_blank\" rel=\"noopener\"><strong>What executives are saying about the future of hybrid work<\/strong><\/a><\/p>\n<p>Most organizations have only begun to think through and articulate the specifics of how to carry out a more permanent mix of remote and on-site working for all roles that aren\u2019t essential to perform on-site. Many of their employees are feeling anxious as a result. The sustainability of pandemic-style productivity gains might well depend on how organizational leaders address the anxiety their employees feel\u2014and the associated levels of burnout.<\/p>\n<p>By: Mckinsey &amp; Company<\/p>\n<p>3.<a href=\"https:\/\/www.socialtalent.com\/blog\/recruitment\/hit-the-ground-running-the-importance-of-reboarding-your-virtual-hires\" target=\"_blank\" rel=\"noopener\"><strong> Hit the ground running: The importance of reboarding your virtual hires<\/strong><\/a><\/p>\n<p>Companies have been through an intense spin-cycle of change, and this is set to be the narrative for the foreseeable future. While some were able to adapt and flourish remotely, the opening-up of society again presents another conundrum for the businesses who were able to grow and hire during the pandemic \u2013 what happens to those new, virtually employed staff if the office becomes the hub of work again?<\/p>\n<p>By: SocialTalent<\/p>\n<p>4. <strong><a href=\"https:\/\/www.forbes.com\/sites\/dassaultsystemes\/2019\/09\/16\/industry-reborn-how-tech-is-changing-the-way-we-make-things\/?sh=45b54e2c1c25\" target=\"_blank\" rel=\"noopener\">Industry reborn: how tech is changing the way we make things<\/a><\/strong><\/p>\n<p>As information technology remakes the modern factory, forward-looking companies are creating virtual worlds to optimize real-world manufacturing. The rewards include improvements in business value and sustainability that would have been almost unimaginable just a few years ago.<\/p>\n<p>By: Tom Clynes<\/p>\n<p>5. <a href=\"https:\/\/laurieruettimann.com\/we-need-to-talk-about-resilience\/\" target=\"_blank\" rel=\"noopener\"><strong>We need to talk about resilience<\/strong><\/a><\/p>\n<p>Resilience can change the world, but it\u2019s the first step in a series of actions that ease pain and heal deep wounds. If you see resilience as an end-state, you miss the entire point of suffering in the first place.<\/p>\n<p>By: Laurie Ruettimann<\/p>\n","protected":false},"excerpt":{"rendered":"<p>Discover in this post our selection of some of the best articles related to the world of Human Resources for the month of May.<\/p>\n","protected":false},"author":27,"featured_media":2631,"comment_status":"open","ping_status":"open","sticky":false,"template":"","format":"standard","meta":{"footnotes":""},"categories":[345,347],"tags":[77],"class_list":["post-5700","post","type-post","status-publish","format-standard","has-post-thumbnail","hentry","category-hr-technology","category-hr-trends","tag-hr-trends"],"yoast_head":"<!-- This site is optimized with the Yoast SEO plugin v17.1 - https:\/\/yoast.com\/wordpress\/plugins\/seo\/ -->\n<title>Top 5 HR Articles of the Month \u2013 May\u201921 - Glocalthinking<\/title>\n<meta name=\"robots\" content=\"index, follow, max-snippet:-1, max-image-preview:large, max-video-preview:-1\" \/>\n<link rel=\"canonical\" href=\"https:\/\/glocalthinking.com\/en\/top-5-hr-articles-of-the-month-may21\/\" \/>\n<meta property=\"og:locale\" content=\"en_US\" \/>\n<meta property=\"og:type\" content=\"article\" \/>\n<meta property=\"og:title\" content=\"Top 5 HR Articles of the Month \u2013 May\u201921 - Glocalthinking\" \/>\n<meta property=\"og:description\" content=\"Discover in this post our selection of some of the best articles related to the world of Human Resources for the month of May.\" \/>\n<meta property=\"og:url\" content=\"https:\/\/glocalthinking.com\/en\/top-5-hr-articles-of-the-month-may21\/\" \/>\n<meta property=\"og:site_name\" content=\"Glocalthinking\" \/>\n<meta property=\"article:published_time\" content=\"2021-05-28T08:18:31+00:00\" \/>\n<meta property=\"article:modified_time\" content=\"2021-08-31T10:41:08+00:00\" \/>\n<meta property=\"og:image\" content=\"https:\/\/glocalthinking.com\/wp-content\/uploads\/2021\/08\/Diseno-sin-titulo-11-2.jpg\" \/>\n\t<meta property=\"og:image:width\" content=\"1600\" \/>\n\t<meta property=\"og:image:height\" content=\"815\" \/>\n<meta name=\"twitter:card\" content=\"summary_large_image\" \/>\n<meta name=\"twitter:label1\" content=\"Written by\" \/>\n\t<meta name=\"twitter:data1\" content=\"Editorial\" \/>\n\t<meta name=\"twitter:label2\" content=\"Est. reading time\" \/>\n\t<meta name=\"twitter:data2\" content=\"2 minutes\" \/>\n<script type=\"application\/ld+json\" class=\"yoast-schema-graph\">{\"@context\":\"https:\/\/schema.org\",\"@graph\":[{\"@type\":\"WebSite\",\"@id\":\"https:\/\/glocalthinking.com\/#website\",\"url\":\"https:\/\/glocalthinking.com\/\",\"name\":\"Glocalthinking\",\"description\":\"Un espacio para los profesionales de RRHH\",\"potentialAction\":[{\"@type\":\"SearchAction\",\"target\":{\"@type\":\"EntryPoint\",\"urlTemplate\":\"https:\/\/glocalthinking.com\/?s={search_term_string}\"},\"query-input\":\"required name=search_term_string\"}],\"inLanguage\":\"en-US\"},{\"@type\":\"ImageObject\",\"@id\":\"https:\/\/glocalthinking.com\/en\/top-5-hr-articles-of-the-month-may21\/#primaryimage\",\"inLanguage\":\"en-US\",\"url\":\"https:\/\/glocalthinking.com\/wp-content\/uploads\/2021\/08\/Diseno-sin-titulo-11-2.jpg\",\"contentUrl\":\"https:\/\/glocalthinking.com\/wp-content\/uploads\/2021\/08\/Diseno-sin-titulo-11-2.jpg\",\"width\":1600,\"height\":815},{\"@type\":\"WebPage\",\"@id\":\"https:\/\/glocalthinking.com\/en\/top-5-hr-articles-of-the-month-may21\/#webpage\",\"url\":\"https:\/\/glocalthinking.com\/en\/top-5-hr-articles-of-the-month-may21\/\",\"name\":\"Top 5 HR Articles of the Month \\u2013 May\\u201921 - Glocalthinking\",\"isPartOf\":{\"@id\":\"https:\/\/glocalthinking.com\/#website\"},\"primaryImageOfPage\":{\"@id\":\"https:\/\/glocalthinking.com\/en\/top-5-hr-articles-of-the-month-may21\/#primaryimage\"},\"datePublished\":\"2021-05-28T08:18:31+00:00\",\"dateModified\":\"2021-08-31T10:41:08+00:00\",\"author\":{\"@id\":\"https:\/\/glocalthinking.com\/#\/schema\/person\/b6c28951fc34b05935d96beb5cb4d94a\"},\"breadcrumb\":{\"@id\":\"https:\/\/glocalthinking.com\/en\/top-5-hr-articles-of-the-month-may21\/#breadcrumb\"},\"inLanguage\":\"en-US\",\"potentialAction\":[{\"@type\":\"ReadAction\",\"target\":[\"https:\/\/glocalthinking.com\/en\/top-5-hr-articles-of-the-month-may21\/\"]}]},{\"@type\":\"BreadcrumbList\",\"@id\":\"https:\/\/glocalthinking.com\/en\/top-5-hr-articles-of-the-month-may21\/#breadcrumb\",\"itemListElement\":[{\"@type\":\"ListItem\",\"position\":1,\"name\":\"Home\",\"item\":\"https:\/\/glocalthinking.com\/en\/\"},{\"@type\":\"ListItem\",\"position\":2,\"name\":\"Top 5 HR Articles of the Month \\u2013 May\\u201921\"}]},{\"@type\":\"Person\",\"@id\":\"https:\/\/glocalthinking.com\/#\/schema\/person\/b6c28951fc34b05935d96beb5cb4d94a\",\"name\":\"Editorial\",\"image\":{\"@type\":\"ImageObject\",\"@id\":\"https:\/\/glocalthinking.com\/#personlogo\",\"inLanguage\":\"en-US\",\"url\":\"https:\/\/glocalthinking.com\/wp-content\/uploads\/2025\/09\/Cegid-96x96.jpg\",\"contentUrl\":\"https:\/\/glocalthinking.com\/wp-content\/uploads\/2025\/09\/Cegid-96x96.jpg\",\"caption\":\"Editorial\"},\"description\":\"Nuestro equipo editorial est\\u00e1 compuesto por profesionales de diferentes pa\\u00edses de habla hispana, que cuentan con una amplia experiencia en el sector Tecnol\\u00f3gico de Recursos Humanos y con conocimientos que engloban diferentes disciplinas relacionadas con la gesti\\u00f3n del talento en las Organizaciones.\",\"url\":\"https:\/\/glocalthinking.com\/en\/author\/editorial\/\"}]}<\/script>\n<!-- \/ Yoast SEO plugin. -->","yoast_head_json":{"title":"Top 5 HR Articles of the Month \u2013 May\u201921 - Glocalthinking","robots":{"index":"index","follow":"follow","max-snippet":"max-snippet:-1","max-image-preview":"max-image-preview:large","max-video-preview":"max-video-preview:-1"},"canonical":"https:\/\/glocalthinking.com\/en\/top-5-hr-articles-of-the-month-may21\/","og_locale":"en_US","og_type":"article","og_title":"Top 5 HR Articles of the Month \u2013 May\u201921 - Glocalthinking","og_description":"Discover in this post our selection of some of the best articles related to the world of Human Resources for the month of May.","og_url":"https:\/\/glocalthinking.com\/en\/top-5-hr-articles-of-the-month-may21\/","og_site_name":"Glocalthinking","article_published_time":"2021-05-28T08:18:31+00:00","article_modified_time":"2021-08-31T10:41:08+00:00","og_image":[{"width":1600,"height":815,"url":"https:\/\/glocalthinking.com\/wp-content\/uploads\/2021\/08\/Diseno-sin-titulo-11-2.jpg","path":"\/var\/www\/vhosts\/glocalthinking.com\/httpdocs\/wp-content\/uploads\/2021\/08\/Diseno-sin-titulo-11-2.jpg","size":"full","id":2631,"alt":"","pixels":1304000,"type":"image\/jpeg"}],"twitter_card":"summary_large_image","twitter_misc":{"Written by":"Editorial","Est. reading time":"2 minutes"},"schema":{"@context":"https:\/\/schema.org","@graph":[{"@type":"WebSite","@id":"https:\/\/glocalthinking.com\/#website","url":"https:\/\/glocalthinking.com\/","name":"Glocalthinking","description":"Un espacio para los profesionales de RRHH","potentialAction":[{"@type":"SearchAction","target":{"@type":"EntryPoint","urlTemplate":"https:\/\/glocalthinking.com\/?s={search_term_string}"},"query-input":"required name=search_term_string"}],"inLanguage":"en-US"},{"@type":"ImageObject","@id":"https:\/\/glocalthinking.com\/en\/top-5-hr-articles-of-the-month-may21\/#primaryimage","inLanguage":"en-US","url":"https:\/\/glocalthinking.com\/wp-content\/uploads\/2021\/08\/Diseno-sin-titulo-11-2.jpg","contentUrl":"https:\/\/glocalthinking.com\/wp-content\/uploads\/2021\/08\/Diseno-sin-titulo-11-2.jpg","width":1600,"height":815},{"@type":"WebPage","@id":"https:\/\/glocalthinking.com\/en\/top-5-hr-articles-of-the-month-may21\/#webpage","url":"https:\/\/glocalthinking.com\/en\/top-5-hr-articles-of-the-month-may21\/","name":"Top 5 HR Articles of the Month \u2013 May\u201921 - Glocalthinking","isPartOf":{"@id":"https:\/\/glocalthinking.com\/#website"},"primaryImageOfPage":{"@id":"https:\/\/glocalthinking.com\/en\/top-5-hr-articles-of-the-month-may21\/#primaryimage"},"datePublished":"2021-05-28T08:18:31+00:00","dateModified":"2021-08-31T10:41:08+00:00","author":{"@id":"https:\/\/glocalthinking.com\/#\/schema\/person\/b6c28951fc34b05935d96beb5cb4d94a"},"breadcrumb":{"@id":"https:\/\/glocalthinking.com\/en\/top-5-hr-articles-of-the-month-may21\/#breadcrumb"},"inLanguage":"en-US","potentialAction":[{"@type":"ReadAction","target":["https:\/\/glocalthinking.com\/en\/top-5-hr-articles-of-the-month-may21\/"]}]},{"@type":"BreadcrumbList","@id":"https:\/\/glocalthinking.com\/en\/top-5-hr-articles-of-the-month-may21\/#breadcrumb","itemListElement":[{"@type":"ListItem","position":1,"name":"Home","item":"https:\/\/glocalthinking.com\/en\/"},{"@type":"ListItem","position":2,"name":"Top 5 HR Articles of the Month \u2013 May\u201921"}]},{"@type":"Person","@id":"https:\/\/glocalthinking.com\/#\/schema\/person\/b6c28951fc34b05935d96beb5cb4d94a","name":"Editorial","image":{"@type":"ImageObject","@id":"https:\/\/glocalthinking.com\/#personlogo","inLanguage":"en-US","url":"https:\/\/glocalthinking.com\/wp-content\/uploads\/2025\/09\/Cegid-96x96.jpg","contentUrl":"https:\/\/glocalthinking.com\/wp-content\/uploads\/2025\/09\/Cegid-96x96.jpg","caption":"Editorial"},"description":"Nuestro equipo editorial est\u00e1 compuesto por profesionales de diferentes pa\u00edses de habla hispana, que cuentan con una amplia experiencia en el sector Tecnol\u00f3gico de Recursos Humanos y con conocimientos que engloban diferentes disciplinas relacionadas con la gesti\u00f3n del talento en las Organizaciones.","url":"https:\/\/glocalthinking.com\/en\/author\/editorial\/"}]}},"_links":{"self":[{"href":"https:\/\/glocalthinking.com\/en\/wp-json\/wp\/v2\/posts\/5700","targetHints":{"allow":["GET"]}}],"collection":[{"href":"https:\/\/glocalthinking.com\/en\/wp-json\/wp\/v2\/posts"}],"about":[{"href":"https:\/\/glocalthinking.com\/en\/wp-json\/wp\/v2\/types\/post"}],"author":[{"embeddable":true,"href":"https:\/\/glocalthinking.com\/en\/wp-json\/wp\/v2\/users\/27"}],"replies":[{"embeddable":true,"href":"https:\/\/glocalthinking.com\/en\/wp-json\/wp\/v2\/comments?post=5700"}],"version-history":[{"count":1,"href":"https:\/\/glocalthinking.com\/en\/wp-json\/wp\/v2\/posts\/5700\/revisions"}],"predecessor-version":[{"id":8085,"href":"https:\/\/glocalthinking.com\/en\/wp-json\/wp\/v2\/posts\/5700\/revisions\/8085"}],"wp:featuredmedia":[{"embeddable":true,"href":"https:\/\/glocalthinking.com\/en\/wp-json\/wp\/v2\/media\/2631"}],"wp:attachment":[{"href":"https:\/\/glocalthinking.com\/en\/wp-json\/wp\/v2\/media?parent=5700"}],"wp:term":[{"taxonomy":"category","embeddable":true,"href":"https:\/\/glocalthinking.com\/en\/wp-json\/wp\/v2\/categories?post=5700"},{"taxonomy":"post_tag","embeddable":true,"href":"https:\/\/glocalthinking.com\/en\/wp-json\/wp\/v2\/tags?post=5700"}],"curies":[{"name":"wp","href":"https:\/\/api.w.org\/{rel}","templated":true}]}}