{"id":5669,"date":"2012-12-21T10:22:16","date_gmt":"2012-12-21T10:22:16","guid":{"rendered":"https:\/\/glocalthinking.com\/the-christmas-hamper-and-the-emotional-salary\/"},"modified":"2021-08-31T10:41:00","modified_gmt":"2021-08-31T10:41:00","slug":"the-christmas-hamper-and-the-emotional-salary","status":"publish","type":"post","link":"https:\/\/glocalthinking.com\/en\/the-christmas-hamper-and-the-emotional-salary\/","title":{"rendered":"The Christmas Hamper And The Emotional Salary"},"content":{"rendered":"<p style=\"text-align: justify;\">Today has been a great day in my company\u2019s office. We received a Christmas hamper, but that is not the reason why I got very excited, since I have worked many years here and I am used to receiving it. However, today I returned home very happy.&nbsp; Do you wonder why?<\/p>\n<p><!--more--><\/p>\n<p style=\"text-align: justify;\">It all started this morning at breakfast. As usual I went down to have coffee with several colleagues and among them some interns. While being there, I got an email saying we would receive the hamper, and I told them the news. The first thing that came to the interns mind was if there was also a hamper for them. I said yes and I noticed how their face lit up with the news. Then I had an even more obvious question to answer: if the basket was the same for everyone, and of course, I said yes.<\/p>\n<p style=\"text-align: justify;\">At that moment I realized that those people who were with me felt integrated and equal to all the others, and I conveyed their happiness and enthusiasm, which gave me extra motivation for the rest of the day. That morning was full of excitement, &nbsp;people rushed down to get their hampers, and in the same queue you could see an intern and behind him a manager.<\/p>\n<p style=\"text-align: justify;\">Reflecting on this made me realize that these things are what motivates employees and make them feel part of the whole. I have been having that feeling of belonging and of equality within a group for so long that sometimes I forget how lucky I have been all these years. And in this case the hamper is just a symbol that reflects the relationship between the employees of my company. Another example: yesterday I was taking my meal and at the same table I was sitting at sat the General Director, a person of R&amp;D and a boy who had just joined the company, all engaged in a pleasant conversation. We could quote many other cases, such as those related to the office space management: leaving the offices open to talk to any of the companies\u2019 employees face to face or having your boss working at your side at the same table&#8230; All of this easies out the protocols for rushing to any person in the company that is an expert on a subject, regardless of his or her rank.<\/p>\n<p style=\"text-align: justify;\">Being able to communicate freely, transparently, to feel part of a team, to be treated equally (as in the example of the hamper), are all aspects of what is called \u201c<strong>emotional salary<\/strong>\u201d: circumstances that motivate us in our day to day life.<\/p>\n<p style=\"text-align: justify;\">All these feelings made me think that we are also part of another large company, which is our country, family and friends, and also made me remember that some of mine have not been given the Christmas extra pay and that will not have a Christmas hamper, or worse, they have been fired. &nbsp;I remember specifically a person who always gave me the most valuable object in his hamper because he knew that I liked it a lot. This year my friend will not get a hamper -as many other people whom you also know-, and that is why, after picking up mine and before I went home, I went through my hamper and offered him a part of it. In doing so I realized that there is nothing that will produce more happiness than making others happy. And that&#8217;s what our HR Director must have felt today, and that is what her face reflected, when I met her on leaving the building. Emotional salary is not only for the employees, but also for the people who drove the actions leading to it.<\/p>\n<p style=\"text-align: justify;\"><strong>I wish you all a Merry Christmas and a Happy New Year!<\/strong><\/p>\n","protected":false},"excerpt":{"rendered":"<p>The first thing that came to the interns mind was if there was also a hamper for them. I said yes and I noticed how their face lit up with the news. Then I had an even more obvious question to answer: if the basket was the same for everyone, and of course, I said yes.<\/p>\n","protected":false},"author":5,"featured_media":2519,"comment_status":"open","ping_status":"open","sticky":false,"template":"","format":"standard","meta":{"footnotes":""},"categories":[343,344],"tags":[222,271,224],"class_list":["post-5669","post","type-post","status-publish","format-standard","has-post-thumbnail","hentry","category-leadership","category-talent-management","tag-leadership","tag-personnel-administration","tag-talent-management"],"yoast_head":"<!-- This site is optimized with the Yoast SEO plugin v17.1 - https:\/\/yoast.com\/wordpress\/plugins\/seo\/ -->\n<title>The Christmas Hamper And The Emotional Salary - Glocalthinking<\/title>\n<meta name=\"robots\" content=\"index, follow, max-snippet:-1, max-image-preview:large, max-video-preview:-1\" \/>\n<link rel=\"canonical\" href=\"https:\/\/glocalthinking.com\/en\/the-christmas-hamper-and-the-emotional-salary\/\" \/>\n<meta property=\"og:locale\" content=\"en_US\" \/>\n<meta property=\"og:type\" content=\"article\" \/>\n<meta property=\"og:title\" content=\"The Christmas Hamper And The Emotional Salary - Glocalthinking\" \/>\n<meta property=\"og:description\" content=\"The first thing that came to the interns mind was if there was also a hamper for them. I said yes and I noticed how their face lit up with the news. Then I had an even more obvious question to answer: if the basket was the same for everyone, and of course, I said yes.\" \/>\n<meta property=\"og:url\" content=\"https:\/\/glocalthinking.com\/en\/the-christmas-hamper-and-the-emotional-salary\/\" \/>\n<meta property=\"og:site_name\" content=\"Glocalthinking\" \/>\n<meta property=\"article:published_time\" content=\"2012-12-21T10:22:16+00:00\" \/>\n<meta property=\"article:modified_time\" content=\"2021-08-31T10:41:00+00:00\" \/>\n<meta property=\"og:image\" content=\"https:\/\/glocalthinking.com\/wp-content\/uploads\/2021\/08\/christmas-hamper-emotional-salary-1.jpg\" \/>\n\t<meta property=\"og:image:width\" content=\"1024\" \/>\n\t<meta property=\"og:image:height\" content=\"512\" \/>\n<meta name=\"twitter:card\" content=\"summary_large_image\" \/>\n<meta name=\"twitter:label1\" content=\"Written by\" \/>\n\t<meta name=\"twitter:data1\" content=\"Pedro D\u00e1vila\" \/>\n\t<meta name=\"twitter:label2\" content=\"Est. reading time\" \/>\n\t<meta name=\"twitter:data2\" content=\"3 minutes\" \/>\n<script type=\"application\/ld+json\" class=\"yoast-schema-graph\">{\"@context\":\"https:\/\/schema.org\",\"@graph\":[{\"@type\":\"WebSite\",\"@id\":\"https:\/\/glocalthinking.com\/#website\",\"url\":\"https:\/\/glocalthinking.com\/\",\"name\":\"Glocalthinking\",\"description\":\"Un espacio para los profesionales de RRHH\",\"potentialAction\":[{\"@type\":\"SearchAction\",\"target\":{\"@type\":\"EntryPoint\",\"urlTemplate\":\"https:\/\/glocalthinking.com\/?s={search_term_string}\"},\"query-input\":\"required name=search_term_string\"}],\"inLanguage\":\"en-US\"},{\"@type\":\"ImageObject\",\"@id\":\"https:\/\/glocalthinking.com\/en\/the-christmas-hamper-and-the-emotional-salary\/#primaryimage\",\"inLanguage\":\"en-US\",\"url\":\"https:\/\/glocalthinking.com\/wp-content\/uploads\/2021\/08\/christmas-hamper-emotional-salary-1.jpg\",\"contentUrl\":\"https:\/\/glocalthinking.com\/wp-content\/uploads\/2021\/08\/christmas-hamper-emotional-salary-1.jpg\",\"width\":1024,\"height\":512},{\"@type\":\"WebPage\",\"@id\":\"https:\/\/glocalthinking.com\/en\/the-christmas-hamper-and-the-emotional-salary\/#webpage\",\"url\":\"https:\/\/glocalthinking.com\/en\/the-christmas-hamper-and-the-emotional-salary\/\",\"name\":\"The Christmas Hamper And The Emotional Salary - Glocalthinking\",\"isPartOf\":{\"@id\":\"https:\/\/glocalthinking.com\/#website\"},\"primaryImageOfPage\":{\"@id\":\"https:\/\/glocalthinking.com\/en\/the-christmas-hamper-and-the-emotional-salary\/#primaryimage\"},\"datePublished\":\"2012-12-21T10:22:16+00:00\",\"dateModified\":\"2021-08-31T10:41:00+00:00\",\"author\":{\"@id\":\"https:\/\/glocalthinking.com\/#\/schema\/person\/eb000a44a15184ae42f8bc89891b5005\"},\"breadcrumb\":{\"@id\":\"https:\/\/glocalthinking.com\/en\/the-christmas-hamper-and-the-emotional-salary\/#breadcrumb\"},\"inLanguage\":\"en-US\",\"potentialAction\":[{\"@type\":\"ReadAction\",\"target\":[\"https:\/\/glocalthinking.com\/en\/the-christmas-hamper-and-the-emotional-salary\/\"]}]},{\"@type\":\"BreadcrumbList\",\"@id\":\"https:\/\/glocalthinking.com\/en\/the-christmas-hamper-and-the-emotional-salary\/#breadcrumb\",\"itemListElement\":[{\"@type\":\"ListItem\",\"position\":1,\"name\":\"Home\",\"item\":\"https:\/\/glocalthinking.com\/en\/\"},{\"@type\":\"ListItem\",\"position\":2,\"name\":\"The Christmas Hamper And The Emotional Salary\"}]},{\"@type\":\"Person\",\"@id\":\"https:\/\/glocalthinking.com\/#\/schema\/person\/eb000a44a15184ae42f8bc89891b5005\",\"name\":\"Pedro D\\u00e1vila\",\"image\":{\"@type\":\"ImageObject\",\"@id\":\"https:\/\/glocalthinking.com\/#personlogo\",\"inLanguage\":\"en-US\",\"url\":\"https:\/\/glocalthinking.com\/wp-content\/uploads\/2025\/04\/Pedro-Cegid-96x96.png\",\"contentUrl\":\"https:\/\/glocalthinking.com\/wp-content\/uploads\/2025\/04\/Pedro-Cegid-96x96.png\",\"caption\":\"Pedro D\\u00e1vila\"},\"description\":\"Pedro A. D\\u00e1vila Garrido es matem\\u00e1tico y experto en la formaci\\u00f3n de soluciones de software de gesti\\u00f3n de RR.HH. Ha ocupado puestos de consultor especializado en la n\\u00f3mina Espa\\u00f1ola y Portuguesa y las \\u00e1reas de RR.HH.. y actualmente es el director de formaci\\u00f3n de las soluciones Meta4, firma especializada en soluciones de software de gesti\\u00f3n de RR.HH. M\\u00e1ster ejecutivo en Direcci\\u00f3n de empresa en el ICADE y precursor de la aplicaci\\u00f3n de los valores del deporte en la empresa.\",\"url\":\"https:\/\/glocalthinking.com\/en\/author\/pedrodavila\/\"}]}<\/script>\n<!-- \/ Yoast SEO plugin. -->","yoast_head_json":{"title":"The Christmas Hamper And The Emotional Salary - Glocalthinking","robots":{"index":"index","follow":"follow","max-snippet":"max-snippet:-1","max-image-preview":"max-image-preview:large","max-video-preview":"max-video-preview:-1"},"canonical":"https:\/\/glocalthinking.com\/en\/the-christmas-hamper-and-the-emotional-salary\/","og_locale":"en_US","og_type":"article","og_title":"The Christmas Hamper And The Emotional Salary - Glocalthinking","og_description":"The first thing that came to the interns mind was if there was also a hamper for them. I said yes and I noticed how their face lit up with the news. Then I had an even more obvious question to answer: if the basket was the same for everyone, and of course, I said yes.","og_url":"https:\/\/glocalthinking.com\/en\/the-christmas-hamper-and-the-emotional-salary\/","og_site_name":"Glocalthinking","article_published_time":"2012-12-21T10:22:16+00:00","article_modified_time":"2021-08-31T10:41:00+00:00","og_image":[{"width":1024,"height":512,"url":"https:\/\/glocalthinking.com\/wp-content\/uploads\/2021\/08\/christmas-hamper-emotional-salary-1.jpg","path":"\/var\/www\/vhosts\/glocalthinking.com\/httpdocs\/wp-content\/uploads\/2021\/08\/christmas-hamper-emotional-salary-1.jpg","size":"full","id":2519,"alt":"","pixels":524288,"type":"image\/jpeg"}],"twitter_card":"summary_large_image","twitter_misc":{"Written by":"Pedro D\u00e1vila","Est. reading time":"3 minutes"},"schema":{"@context":"https:\/\/schema.org","@graph":[{"@type":"WebSite","@id":"https:\/\/glocalthinking.com\/#website","url":"https:\/\/glocalthinking.com\/","name":"Glocalthinking","description":"Un espacio para los profesionales de RRHH","potentialAction":[{"@type":"SearchAction","target":{"@type":"EntryPoint","urlTemplate":"https:\/\/glocalthinking.com\/?s={search_term_string}"},"query-input":"required name=search_term_string"}],"inLanguage":"en-US"},{"@type":"ImageObject","@id":"https:\/\/glocalthinking.com\/en\/the-christmas-hamper-and-the-emotional-salary\/#primaryimage","inLanguage":"en-US","url":"https:\/\/glocalthinking.com\/wp-content\/uploads\/2021\/08\/christmas-hamper-emotional-salary-1.jpg","contentUrl":"https:\/\/glocalthinking.com\/wp-content\/uploads\/2021\/08\/christmas-hamper-emotional-salary-1.jpg","width":1024,"height":512},{"@type":"WebPage","@id":"https:\/\/glocalthinking.com\/en\/the-christmas-hamper-and-the-emotional-salary\/#webpage","url":"https:\/\/glocalthinking.com\/en\/the-christmas-hamper-and-the-emotional-salary\/","name":"The Christmas Hamper And The Emotional Salary - Glocalthinking","isPartOf":{"@id":"https:\/\/glocalthinking.com\/#website"},"primaryImageOfPage":{"@id":"https:\/\/glocalthinking.com\/en\/the-christmas-hamper-and-the-emotional-salary\/#primaryimage"},"datePublished":"2012-12-21T10:22:16+00:00","dateModified":"2021-08-31T10:41:00+00:00","author":{"@id":"https:\/\/glocalthinking.com\/#\/schema\/person\/eb000a44a15184ae42f8bc89891b5005"},"breadcrumb":{"@id":"https:\/\/glocalthinking.com\/en\/the-christmas-hamper-and-the-emotional-salary\/#breadcrumb"},"inLanguage":"en-US","potentialAction":[{"@type":"ReadAction","target":["https:\/\/glocalthinking.com\/en\/the-christmas-hamper-and-the-emotional-salary\/"]}]},{"@type":"BreadcrumbList","@id":"https:\/\/glocalthinking.com\/en\/the-christmas-hamper-and-the-emotional-salary\/#breadcrumb","itemListElement":[{"@type":"ListItem","position":1,"name":"Home","item":"https:\/\/glocalthinking.com\/en\/"},{"@type":"ListItem","position":2,"name":"The Christmas Hamper And The Emotional Salary"}]},{"@type":"Person","@id":"https:\/\/glocalthinking.com\/#\/schema\/person\/eb000a44a15184ae42f8bc89891b5005","name":"Pedro D\u00e1vila","image":{"@type":"ImageObject","@id":"https:\/\/glocalthinking.com\/#personlogo","inLanguage":"en-US","url":"https:\/\/glocalthinking.com\/wp-content\/uploads\/2025\/04\/Pedro-Cegid-96x96.png","contentUrl":"https:\/\/glocalthinking.com\/wp-content\/uploads\/2025\/04\/Pedro-Cegid-96x96.png","caption":"Pedro D\u00e1vila"},"description":"Pedro A. D\u00e1vila Garrido es matem\u00e1tico y experto en la formaci\u00f3n de soluciones de software de gesti\u00f3n de RR.HH. Ha ocupado puestos de consultor especializado en la n\u00f3mina Espa\u00f1ola y Portuguesa y las \u00e1reas de RR.HH.. y actualmente es el director de formaci\u00f3n de las soluciones Meta4, firma especializada en soluciones de software de gesti\u00f3n de RR.HH. M\u00e1ster ejecutivo en Direcci\u00f3n de empresa en el ICADE y precursor de la aplicaci\u00f3n de los valores del deporte en la empresa.","url":"https:\/\/glocalthinking.com\/en\/author\/pedrodavila\/"}]}},"_links":{"self":[{"href":"https:\/\/glocalthinking.com\/en\/wp-json\/wp\/v2\/posts\/5669","targetHints":{"allow":["GET"]}}],"collection":[{"href":"https:\/\/glocalthinking.com\/en\/wp-json\/wp\/v2\/posts"}],"about":[{"href":"https:\/\/glocalthinking.com\/en\/wp-json\/wp\/v2\/types\/post"}],"author":[{"embeddable":true,"href":"https:\/\/glocalthinking.com\/en\/wp-json\/wp\/v2\/users\/5"}],"replies":[{"embeddable":true,"href":"https:\/\/glocalthinking.com\/en\/wp-json\/wp\/v2\/comments?post=5669"}],"version-history":[{"count":1,"href":"https:\/\/glocalthinking.com\/en\/wp-json\/wp\/v2\/posts\/5669\/revisions"}],"predecessor-version":[{"id":8054,"href":"https:\/\/glocalthinking.com\/en\/wp-json\/wp\/v2\/posts\/5669\/revisions\/8054"}],"wp:featuredmedia":[{"embeddable":true,"href":"https:\/\/glocalthinking.com\/en\/wp-json\/wp\/v2\/media\/2519"}],"wp:attachment":[{"href":"https:\/\/glocalthinking.com\/en\/wp-json\/wp\/v2\/media?parent=5669"}],"wp:term":[{"taxonomy":"category","embeddable":true,"href":"https:\/\/glocalthinking.com\/en\/wp-json\/wp\/v2\/categories?post=5669"},{"taxonomy":"post_tag","embeddable":true,"href":"https:\/\/glocalthinking.com\/en\/wp-json\/wp\/v2\/tags?post=5669"}],"curies":[{"name":"wp","href":"https:\/\/api.w.org\/{rel}","templated":true}]}}