{"id":5557,"date":"2015-04-10T07:27:48","date_gmt":"2015-04-10T07:27:48","guid":{"rendered":"https:\/\/glocalthinking.com\/new-paradigms-in-talent-management\/"},"modified":"2021-08-31T10:40:10","modified_gmt":"2021-08-31T10:40:10","slug":"new-paradigms-in-talent-management","status":"publish","type":"post","link":"https:\/\/glocalthinking.com\/en\/new-paradigms-in-talent-management\/","title":{"rendered":"New paradigms in talent management"},"content":{"rendered":"<p style=\"text-align: justify;\">In our last article, \u201cHR And Leadership For Achieving Business Excellence\u201d we mentioned the report, \u201cGlobal Human Capital Trends 2014:&nbsp;Engaging&nbsp;the&nbsp;21st-century workforce\u201d&nbsp;by Bersin for Deloitte which brings together the most relevant trends now in the human capital management field from a global viewpoint. As we already pointed out in our article, leadership development is positioned as one of the key challenges of today\u2019s organizations and more specifically for HR professionals.<\/p>\n<p><!--more--><\/p>\n<p style=\"text-align: justify;\">One of the other important challenges the report mentions is the ability to meet talent requirements related to capturing, retaining and maintaining talent.<\/p>\n<p style=\"text-align: justify;\">For talent capture, here\u2019s a paradox: the presence of high levels of unemployment in the current market (23.67% in Spain according to the last Labour Force Survey) and the shortage of workers with specific skills and competencies required by companies. This mostly occurs when covering specific technical positions in various sectors, from software engineers to big data analysts, health specialists, industry professionals (IT) and more. According to the ninth annual Talent Shortage Survey from the Manpower Group, 36% of employers worldwide have difficulties finding talent in 2014.<\/p>\n<p style=\"text-align: justify;\">Yet half of the CEOs worldwide plan to increase their workforces next year. However 63% of these believe they will not find candidates with the right skill set to cover their talent needs within their organizations (according to Professional International Mobility survey published by LinkedIn on Europe).<\/p>\n<p style=\"text-align: justify;\">This forces us to at least rethink our recruitment processes, the way we recycle professionals who form part of our organizations and to seek new ways of retaining them aside from their salary.<\/p>\n<p style=\"text-align: justify;\">Today there is no doubt that talent is scarce and companies that need to acquire and hire talent must compete in uncharted territories marked by new networks of global talent and social media communication, as defined by the change coming from the perspective of new emerging professions. The old ways of hiring, acquiring and accessing talent no longer have the same efficiency. New angles must be contemplated for managing this new scenario:<\/p>\n<ul>\n<li style=\"text-align: justify;\">The battle for talent is now global, a factor that forces us to find new strongholds in areas where we never ventured before. Clearly we can find the professional we are looking for anywhere in the world, so mobility policies must be on the agenda, just like teleworking ones.<\/li>\n<li style=\"text-align: justify;\">We must consider new ways of building relationships to the new types of professionals who do not seek to join a company in a conventional way:\n<ul>\n<li>Such is the case for knowmads or knowledge nomads who live on the net and who move from project to project depending on how interesting it is for their career or how appealing the project seems to them. High unemployment levels have meant that a great many entrepreneurs have popped up jumping onto this bandwagon, and possibly these will not consider reintegrating into a company but instead look to maintain a subset of clients they manage themselves.<\/li>\n<li>Those groups of professionals who out of personal needs cannot undertake a standard workday and seek extreme flexibility.<\/li>\n<li>Groups that have historically been outside the labour market but are trained to undertake certain functions.<\/li>\n<li>And there is a large group of senior talent that we cannot ignore, leveraging the value of their experience, helping them to retrain and in particular strengthening one of their capabilities in which they are not native: digital identity.<\/li>\n<\/ul>\n<\/li>\n<li style=\"text-align: justify;\">Beyond all this, it is vital governments become involved in the creation of learning environments that in coordination with the business world are able to prepare the youth to cover the talent needs of companies.<\/li>\n<li style=\"text-align: justify;\">Additionally we have to work on our employer brand by the same measure as we work on the corporate brand of our businesses, to ultimately create a talent experience that flows towards potentially eligible candidates, working with them even before the need arises. Practices like gamification may be useful in this area.<\/li>\n<\/ul>\n","protected":false},"excerpt":{"rendered":"<p>Today there is no doubt that talent is scarce and companies that need to acquire and hire talent must compete in uncharted territories<\/p>\n","protected":false},"author":10,"featured_media":2295,"comment_status":"open","ping_status":"open","sticky":false,"template":"","format":"standard","meta":{"footnotes":""},"categories":[350,344],"tags":[243,138,250,270,259,224,253],"class_list":["post-5557","post","type-post","status-publish","format-standard","has-post-thumbnail","hentry","category-global-hr","category-talent-management","tag-digital-hr","tag-employer-branding","tag-global-hr","tag-knowledge","tag-learning-communities","tag-talent-management","tag-talent-management-trends"],"yoast_head":"<!-- This site is optimized with the Yoast SEO plugin v17.1 - https:\/\/yoast.com\/wordpress\/plugins\/seo\/ -->\n<title>New paradigms in talent management - Glocalthinking<\/title>\n<meta name=\"robots\" content=\"index, follow, max-snippet:-1, max-image-preview:large, max-video-preview:-1\" \/>\n<link rel=\"canonical\" href=\"https:\/\/glocalthinking.com\/en\/new-paradigms-in-talent-management\/\" \/>\n<meta property=\"og:locale\" content=\"en_US\" \/>\n<meta property=\"og:type\" content=\"article\" \/>\n<meta property=\"og:title\" content=\"New paradigms in talent management - Glocalthinking\" \/>\n<meta property=\"og:description\" content=\"Today there is no doubt that talent is scarce and companies that need to acquire and hire talent must compete in uncharted territories\" \/>\n<meta property=\"og:url\" content=\"https:\/\/glocalthinking.com\/en\/new-paradigms-in-talent-management\/\" \/>\n<meta property=\"og:site_name\" content=\"Glocalthinking\" \/>\n<meta property=\"article:published_time\" content=\"2015-04-10T07:27:48+00:00\" \/>\n<meta property=\"article:modified_time\" content=\"2021-08-31T10:40:10+00:00\" \/>\n<meta property=\"og:image\" content=\"https:\/\/glocalthinking.com\/wp-content\/uploads\/2021\/08\/new-paradigms-in-talent-management.jpg\" \/>\n\t<meta property=\"og:image:width\" content=\"1024\" \/>\n\t<meta property=\"og:image:height\" content=\"512\" \/>\n<meta name=\"twitter:card\" content=\"summary_large_image\" \/>\n<meta name=\"twitter:label1\" content=\"Written by\" \/>\n\t<meta name=\"twitter:data1\" content=\"Maria Jos\u00e9 Fraile\" \/>\n\t<meta name=\"twitter:label2\" content=\"Est. reading time\" \/>\n\t<meta name=\"twitter:data2\" content=\"3 minutes\" \/>\n<script type=\"application\/ld+json\" class=\"yoast-schema-graph\">{\"@context\":\"https:\/\/schema.org\",\"@graph\":[{\"@type\":\"WebSite\",\"@id\":\"https:\/\/glocalthinking.com\/#website\",\"url\":\"https:\/\/glocalthinking.com\/\",\"name\":\"Glocalthinking\",\"description\":\"Un espacio para los profesionales de RRHH\",\"potentialAction\":[{\"@type\":\"SearchAction\",\"target\":{\"@type\":\"EntryPoint\",\"urlTemplate\":\"https:\/\/glocalthinking.com\/?s={search_term_string}\"},\"query-input\":\"required name=search_term_string\"}],\"inLanguage\":\"en-US\"},{\"@type\":\"ImageObject\",\"@id\":\"https:\/\/glocalthinking.com\/en\/new-paradigms-in-talent-management\/#primaryimage\",\"inLanguage\":\"en-US\",\"url\":\"https:\/\/glocalthinking.com\/wp-content\/uploads\/2021\/08\/new-paradigms-in-talent-management.jpg\",\"contentUrl\":\"https:\/\/glocalthinking.com\/wp-content\/uploads\/2021\/08\/new-paradigms-in-talent-management.jpg\",\"width\":1024,\"height\":512},{\"@type\":\"WebPage\",\"@id\":\"https:\/\/glocalthinking.com\/en\/new-paradigms-in-talent-management\/#webpage\",\"url\":\"https:\/\/glocalthinking.com\/en\/new-paradigms-in-talent-management\/\",\"name\":\"New paradigms in talent management - Glocalthinking\",\"isPartOf\":{\"@id\":\"https:\/\/glocalthinking.com\/#website\"},\"primaryImageOfPage\":{\"@id\":\"https:\/\/glocalthinking.com\/en\/new-paradigms-in-talent-management\/#primaryimage\"},\"datePublished\":\"2015-04-10T07:27:48+00:00\",\"dateModified\":\"2021-08-31T10:40:10+00:00\",\"author\":{\"@id\":\"https:\/\/glocalthinking.com\/#\/schema\/person\/d87b2b67238c9309b8daa4e3cb4499d3\"},\"breadcrumb\":{\"@id\":\"https:\/\/glocalthinking.com\/en\/new-paradigms-in-talent-management\/#breadcrumb\"},\"inLanguage\":\"en-US\",\"potentialAction\":[{\"@type\":\"ReadAction\",\"target\":[\"https:\/\/glocalthinking.com\/en\/new-paradigms-in-talent-management\/\"]}]},{\"@type\":\"BreadcrumbList\",\"@id\":\"https:\/\/glocalthinking.com\/en\/new-paradigms-in-talent-management\/#breadcrumb\",\"itemListElement\":[{\"@type\":\"ListItem\",\"position\":1,\"name\":\"Home\",\"item\":\"https:\/\/glocalthinking.com\/en\/\"},{\"@type\":\"ListItem\",\"position\":2,\"name\":\"New paradigms in talent management\"}]},{\"@type\":\"Person\",\"@id\":\"https:\/\/glocalthinking.com\/#\/schema\/person\/d87b2b67238c9309b8daa4e3cb4499d3\",\"name\":\"Maria Jos\\u00e9 Fraile\",\"image\":{\"@type\":\"ImageObject\",\"@id\":\"https:\/\/glocalthinking.com\/#personlogo\",\"inLanguage\":\"en-US\",\"url\":\"https:\/\/glocalthinking.com\/wp-content\/uploads\/2021\/08\/mariajofraile-48-96x96.jpg\",\"contentUrl\":\"https:\/\/glocalthinking.com\/wp-content\/uploads\/2021\/08\/mariajofraile-48-96x96.jpg\",\"caption\":\"Maria Jos\\u00e9 Fraile\"},\"description\":\"Mar\\u00eda Jos\\u00e9 Fraile es Directora Corporativa de RR.HH. en Meta4 y cuenta con una amplia experiencia dentro del \\u00e1mbito de la Gesti\\u00f3n de Personas, adaptando la funci\\u00f3n a las diferentes etapas de desarrollo de una empresa: hiper-crecimiento, fusiones y adquisiciones, reestructuraciones, gestion de crisis, etc. Adem\\u00e1s ha tenido la oportunidad de trabajar directamente en la l\\u00ednea de producto, apoyando el dise\\u00f1o de aplicaciones de software, consultor\\u00eda y pre-venta de soluciones para la gesti\\u00f3n de RR.HH. y Gesti\\u00f3n del Conocimiento.\",\"url\":\"https:\/\/glocalthinking.com\/en\/author\/mariajosefraile\/\"}]}<\/script>\n<!-- \/ Yoast SEO plugin. -->","yoast_head_json":{"title":"New paradigms in talent management - Glocalthinking","robots":{"index":"index","follow":"follow","max-snippet":"max-snippet:-1","max-image-preview":"max-image-preview:large","max-video-preview":"max-video-preview:-1"},"canonical":"https:\/\/glocalthinking.com\/en\/new-paradigms-in-talent-management\/","og_locale":"en_US","og_type":"article","og_title":"New paradigms in talent management - Glocalthinking","og_description":"Today there is no doubt that talent is scarce and companies that need to acquire and hire talent must compete in uncharted territories","og_url":"https:\/\/glocalthinking.com\/en\/new-paradigms-in-talent-management\/","og_site_name":"Glocalthinking","article_published_time":"2015-04-10T07:27:48+00:00","article_modified_time":"2021-08-31T10:40:10+00:00","og_image":[{"width":1024,"height":512,"url":"https:\/\/glocalthinking.com\/wp-content\/uploads\/2021\/08\/new-paradigms-in-talent-management.jpg","path":"\/var\/www\/vhosts\/glocalthinking.com\/httpdocs\/wp-content\/uploads\/2021\/08\/new-paradigms-in-talent-management.jpg","size":"full","id":2295,"alt":"","pixels":524288,"type":"image\/jpeg"}],"twitter_card":"summary_large_image","twitter_misc":{"Written by":"Maria Jos\u00e9 Fraile","Est. reading time":"3 minutes"},"schema":{"@context":"https:\/\/schema.org","@graph":[{"@type":"WebSite","@id":"https:\/\/glocalthinking.com\/#website","url":"https:\/\/glocalthinking.com\/","name":"Glocalthinking","description":"Un espacio para los profesionales de RRHH","potentialAction":[{"@type":"SearchAction","target":{"@type":"EntryPoint","urlTemplate":"https:\/\/glocalthinking.com\/?s={search_term_string}"},"query-input":"required name=search_term_string"}],"inLanguage":"en-US"},{"@type":"ImageObject","@id":"https:\/\/glocalthinking.com\/en\/new-paradigms-in-talent-management\/#primaryimage","inLanguage":"en-US","url":"https:\/\/glocalthinking.com\/wp-content\/uploads\/2021\/08\/new-paradigms-in-talent-management.jpg","contentUrl":"https:\/\/glocalthinking.com\/wp-content\/uploads\/2021\/08\/new-paradigms-in-talent-management.jpg","width":1024,"height":512},{"@type":"WebPage","@id":"https:\/\/glocalthinking.com\/en\/new-paradigms-in-talent-management\/#webpage","url":"https:\/\/glocalthinking.com\/en\/new-paradigms-in-talent-management\/","name":"New paradigms in talent management - Glocalthinking","isPartOf":{"@id":"https:\/\/glocalthinking.com\/#website"},"primaryImageOfPage":{"@id":"https:\/\/glocalthinking.com\/en\/new-paradigms-in-talent-management\/#primaryimage"},"datePublished":"2015-04-10T07:27:48+00:00","dateModified":"2021-08-31T10:40:10+00:00","author":{"@id":"https:\/\/glocalthinking.com\/#\/schema\/person\/d87b2b67238c9309b8daa4e3cb4499d3"},"breadcrumb":{"@id":"https:\/\/glocalthinking.com\/en\/new-paradigms-in-talent-management\/#breadcrumb"},"inLanguage":"en-US","potentialAction":[{"@type":"ReadAction","target":["https:\/\/glocalthinking.com\/en\/new-paradigms-in-talent-management\/"]}]},{"@type":"BreadcrumbList","@id":"https:\/\/glocalthinking.com\/en\/new-paradigms-in-talent-management\/#breadcrumb","itemListElement":[{"@type":"ListItem","position":1,"name":"Home","item":"https:\/\/glocalthinking.com\/en\/"},{"@type":"ListItem","position":2,"name":"New paradigms in talent management"}]},{"@type":"Person","@id":"https:\/\/glocalthinking.com\/#\/schema\/person\/d87b2b67238c9309b8daa4e3cb4499d3","name":"Maria Jos\u00e9 Fraile","image":{"@type":"ImageObject","@id":"https:\/\/glocalthinking.com\/#personlogo","inLanguage":"en-US","url":"https:\/\/glocalthinking.com\/wp-content\/uploads\/2021\/08\/mariajofraile-48-96x96.jpg","contentUrl":"https:\/\/glocalthinking.com\/wp-content\/uploads\/2021\/08\/mariajofraile-48-96x96.jpg","caption":"Maria Jos\u00e9 Fraile"},"description":"Mar\u00eda Jos\u00e9 Fraile es Directora Corporativa de RR.HH. en Meta4 y cuenta con una amplia experiencia dentro del \u00e1mbito de la Gesti\u00f3n de Personas, adaptando la funci\u00f3n a las diferentes etapas de desarrollo de una empresa: hiper-crecimiento, fusiones y adquisiciones, reestructuraciones, gestion de crisis, etc. Adem\u00e1s ha tenido la oportunidad de trabajar directamente en la l\u00ednea de producto, apoyando el dise\u00f1o de aplicaciones de software, consultor\u00eda y pre-venta de soluciones para la gesti\u00f3n de RR.HH. y Gesti\u00f3n del Conocimiento.","url":"https:\/\/glocalthinking.com\/en\/author\/mariajosefraile\/"}]}},"_links":{"self":[{"href":"https:\/\/glocalthinking.com\/en\/wp-json\/wp\/v2\/posts\/5557","targetHints":{"allow":["GET"]}}],"collection":[{"href":"https:\/\/glocalthinking.com\/en\/wp-json\/wp\/v2\/posts"}],"about":[{"href":"https:\/\/glocalthinking.com\/en\/wp-json\/wp\/v2\/types\/post"}],"author":[{"embeddable":true,"href":"https:\/\/glocalthinking.com\/en\/wp-json\/wp\/v2\/users\/10"}],"replies":[{"embeddable":true,"href":"https:\/\/glocalthinking.com\/en\/wp-json\/wp\/v2\/comments?post=5557"}],"version-history":[{"count":1,"href":"https:\/\/glocalthinking.com\/en\/wp-json\/wp\/v2\/posts\/5557\/revisions"}],"predecessor-version":[{"id":7927,"href":"https:\/\/glocalthinking.com\/en\/wp-json\/wp\/v2\/posts\/5557\/revisions\/7927"}],"wp:featuredmedia":[{"embeddable":true,"href":"https:\/\/glocalthinking.com\/en\/wp-json\/wp\/v2\/media\/2295"}],"wp:attachment":[{"href":"https:\/\/glocalthinking.com\/en\/wp-json\/wp\/v2\/media?parent=5557"}],"wp:term":[{"taxonomy":"category","embeddable":true,"href":"https:\/\/glocalthinking.com\/en\/wp-json\/wp\/v2\/categories?post=5557"},{"taxonomy":"post_tag","embeddable":true,"href":"https:\/\/glocalthinking.com\/en\/wp-json\/wp\/v2\/tags?post=5557"}],"curies":[{"name":"wp","href":"https:\/\/api.w.org\/{rel}","templated":true}]}}