{"id":5474,"date":"2016-10-11T11:58:36","date_gmt":"2016-10-11T11:58:36","guid":{"rendered":"https:\/\/glocalthinking.com\/managing-in-vuca-environments\/"},"modified":"2021-08-31T10:39:31","modified_gmt":"2021-08-31T10:39:31","slug":"managing-in-vuca-environments","status":"publish","type":"post","link":"https:\/\/glocalthinking.com\/en\/managing-in-vuca-environments\/","title":{"rendered":"Managing in VUCA Environments"},"content":{"rendered":"<p style=\"text-align: justify;\">The life of human beings on earth has always been vulnerable, uncertain, complex and ambiguous. The difference between today and earlier times is that we are more aware due to the technical means available which\u2014among other things\u2014place real-time information within our reach. Such circumstances allow us to coin a term -V (Vulnerability) U (Uncertainty) C (Complexity) A (Ambiguity) \u2013 for something that is as old as the world, but is novel as we can conceptualize better.<\/p>\n<p><!--more--><\/p>\n<p style=\"text-align: justify;\">In my book, <em>El idioma de liderazgo<\/em>, (published by LID and translated as \u201cThe Language of Leadership\u201d) I discuss specific factors which enable a manager to become a leader in any environment. Along these lines, here I focus on nine features that whoever currently occupies a position of responsibility must unavoidably tackle, irrespective of the organization type or country.<\/p>\n<ol style=\"text-align: justify;\">\n<li>The skill for<strong> Anticipation<\/strong>: change itself has not changed, however the speed at which it happens has. You tag along, you must gaze into the future and propose the right ways forward so we are not left behind out in the cold.<\/li>\n<li><strong>Adaptability<\/strong>: whatever was revolutionary yesterday is routine today and tomorrow it will be simply obsolete. The manager must flee from heeding complacently to yesterday\u2019s way of doing things. Technology and speed call for agility and adaptability.<\/li>\n<li><strong>Learning attitude<\/strong>, to accept that there are rules which were embraced for a long time and no longer serve, most especially in engagement management, and for seeking and maintaining talent.<\/li>\n<li><strong>Thinking<\/strong>. This may seem like a joke, but it isn\u2019t. There are too many managers who charge ahead without enough thought, only to become surprised at the weakness of their positions, simply out of poor grounding in concepts.<\/li>\n<li><strong>Prudence<\/strong>. According to one of its etymologies, prudent is he who is farsighted and therefore in a position to anticipate and provide.<\/li>\n<li><strong>Positive <\/strong>vision of reality, however gruelling it may seem. Optimism oxygenates the mind, while pessimism locks itself into a ridiculous and damaging petulance. Foolishness puts forward nothing; an optimistic realism offers a range of alternatives to explore.<\/li>\n<li><strong>Holistic vision<\/strong>. A small-minded view of reality harms and hinders the pursuit of global solutions in the face of the multiple and rapidly shifting challenges.<\/li>\n<li>Familiarity with <strong>history<\/strong>. Too many peddle behaviours and possible outcomes experienced in bygone days as scoops. The planet didn\u2019t start to turn once we saw the light. Understanding how our ancestors faced similar circumstances is obviously instructive.<\/li>\n<li><strong>Modesty<\/strong>. Listening to executives who assure that their organization got the key factors right in a given sector causes a stir of stupor and pity at the foolishness shown by those who speak thus. Just as the universally acclaimed author Cervantes put it, virtue without modesty remains a virtue.<\/li>\n<\/ol>\n<p style=\"text-align: justify;\">It is a huge mistake to trust messianic managers. When they arise, we must start trembling as well as increase protection of our portfolio itself. A good piece of advice: flee fast from whoever doesn\u2019t have objections!<\/p>\n<p style=\"text-align: justify;\">As Marcos Urarte and the author penning these lines discussed in a seminar where we put forward the key factors for managing in VUCA environments, whoever doesn\u2019t quickly adapt their decision-making may end up paying for it in the silo of out-dated objects. Some who still suffer from laughably pig-headed conceit still remain unaware.<\/p>\n","protected":false},"excerpt":{"rendered":"<p>The life of human beings on earth has always been vulnerable, uncertain, complex and ambiguous. The difference between today and earlier times is that we are more aware due to the technical means available.<\/p>\n","protected":false},"author":19,"featured_media":2125,"comment_status":"open","ping_status":"open","sticky":false,"template":"","format":"standard","meta":{"footnotes":""},"categories":[343],"tags":[231,229,222,273],"class_list":["post-5474","post","type-post","status-publish","format-standard","has-post-thumbnail","hentry","category-leadership","tag-featured","tag-future-of-work","tag-leadership","tag-personal-development"],"yoast_head":"<!-- This site is optimized with the Yoast SEO plugin v17.1 - https:\/\/yoast.com\/wordpress\/plugins\/seo\/ -->\n<title>Managing in VUCA Environments - Glocalthinking<\/title>\n<meta name=\"robots\" content=\"index, follow, max-snippet:-1, max-image-preview:large, max-video-preview:-1\" \/>\n<link rel=\"canonical\" href=\"https:\/\/glocalthinking.com\/en\/managing-in-vuca-environments\/\" \/>\n<meta property=\"og:locale\" content=\"en_US\" \/>\n<meta property=\"og:type\" content=\"article\" \/>\n<meta property=\"og:title\" content=\"Managing in VUCA Environments - Glocalthinking\" \/>\n<meta property=\"og:description\" content=\"The life of human beings on earth has always been vulnerable, uncertain, complex and ambiguous. The difference between today and earlier times is that we are more aware due to the technical means available.\" \/>\n<meta property=\"og:url\" content=\"https:\/\/glocalthinking.com\/en\/managing-in-vuca-environments\/\" \/>\n<meta property=\"og:site_name\" content=\"Glocalthinking\" \/>\n<meta property=\"article:published_time\" content=\"2016-10-11T11:58:36+00:00\" \/>\n<meta property=\"article:modified_time\" content=\"2021-08-31T10:39:31+00:00\" \/>\n<meta property=\"og:image\" content=\"https:\/\/glocalthinking.com\/wp-content\/uploads\/2021\/08\/managing-in-vuca-environments-meta4.png\" \/>\n\t<meta property=\"og:image:width\" content=\"1024\" \/>\n\t<meta property=\"og:image:height\" content=\"512\" \/>\n<meta name=\"twitter:card\" content=\"summary_large_image\" \/>\n<meta name=\"twitter:label1\" content=\"Written by\" \/>\n\t<meta name=\"twitter:data1\" content=\"Javier Fern\u00e1ndez Aguado\" \/>\n\t<meta name=\"twitter:label2\" content=\"Est. reading time\" \/>\n\t<meta name=\"twitter:data2\" content=\"3 minutes\" \/>\n<script type=\"application\/ld+json\" class=\"yoast-schema-graph\">{\"@context\":\"https:\/\/schema.org\",\"@graph\":[{\"@type\":\"WebSite\",\"@id\":\"https:\/\/glocalthinking.com\/#website\",\"url\":\"https:\/\/glocalthinking.com\/\",\"name\":\"Glocalthinking\",\"description\":\"Un espacio para los profesionales de RRHH\",\"potentialAction\":[{\"@type\":\"SearchAction\",\"target\":{\"@type\":\"EntryPoint\",\"urlTemplate\":\"https:\/\/glocalthinking.com\/?s={search_term_string}\"},\"query-input\":\"required name=search_term_string\"}],\"inLanguage\":\"en-US\"},{\"@type\":\"ImageObject\",\"@id\":\"https:\/\/glocalthinking.com\/en\/managing-in-vuca-environments\/#primaryimage\",\"inLanguage\":\"en-US\",\"url\":\"https:\/\/glocalthinking.com\/wp-content\/uploads\/2021\/08\/managing-in-vuca-environments-meta4.png\",\"contentUrl\":\"https:\/\/glocalthinking.com\/wp-content\/uploads\/2021\/08\/managing-in-vuca-environments-meta4.png\",\"width\":1024,\"height\":512},{\"@type\":\"WebPage\",\"@id\":\"https:\/\/glocalthinking.com\/en\/managing-in-vuca-environments\/#webpage\",\"url\":\"https:\/\/glocalthinking.com\/en\/managing-in-vuca-environments\/\",\"name\":\"Managing in VUCA Environments - Glocalthinking\",\"isPartOf\":{\"@id\":\"https:\/\/glocalthinking.com\/#website\"},\"primaryImageOfPage\":{\"@id\":\"https:\/\/glocalthinking.com\/en\/managing-in-vuca-environments\/#primaryimage\"},\"datePublished\":\"2016-10-11T11:58:36+00:00\",\"dateModified\":\"2021-08-31T10:39:31+00:00\",\"author\":{\"@id\":\"https:\/\/glocalthinking.com\/#\/schema\/person\/658f2767eab5d88af9a77512be6e8ace\"},\"breadcrumb\":{\"@id\":\"https:\/\/glocalthinking.com\/en\/managing-in-vuca-environments\/#breadcrumb\"},\"inLanguage\":\"en-US\",\"potentialAction\":[{\"@type\":\"ReadAction\",\"target\":[\"https:\/\/glocalthinking.com\/en\/managing-in-vuca-environments\/\"]}]},{\"@type\":\"BreadcrumbList\",\"@id\":\"https:\/\/glocalthinking.com\/en\/managing-in-vuca-environments\/#breadcrumb\",\"itemListElement\":[{\"@type\":\"ListItem\",\"position\":1,\"name\":\"Home\",\"item\":\"https:\/\/glocalthinking.com\/en\/\"},{\"@type\":\"ListItem\",\"position\":2,\"name\":\"Managing in VUCA Environments\"}]},{\"@type\":\"Person\",\"@id\":\"https:\/\/glocalthinking.com\/#\/schema\/person\/658f2767eab5d88af9a77512be6e8ace\",\"name\":\"Javier Fern\\u00e1ndez Aguado\",\"image\":{\"@type\":\"ImageObject\",\"@id\":\"https:\/\/glocalthinking.com\/#personlogo\",\"inLanguage\":\"en-US\",\"url\":\"https:\/\/glocalthinking.com\/wp-content\/uploads\/2021\/08\/javierf-64-96x96.jpg\",\"contentUrl\":\"https:\/\/glocalthinking.com\/wp-content\/uploads\/2021\/08\/javierf-64-96x96.jpg\",\"caption\":\"Javier Fern\\u00e1ndez Aguado\"},\"description\":\"Javier Fern\\u00e1ndez Aguado es uno de los mayores expertos contempor\\u00e1neos en Gobierno de personas y organizaciones, adem\\u00e1s de ser uno de los conferenciantes m\\u00e1s solicitados a nivel internacional. Es Socio Director de MindValue (www.mindvalue.com), firma especializada en servicios profesionales para la Alta Direcci\\u00f3n, miembro del www.protagonistas.org y Premio Peter Drucker. Autor de 70 libros, la mitad en colaboraci\\u00f3n. Entre otros: \\u201cEntrevista a Arist\\u00f3teles\\u201d, \\u201c2000 a\\u00f1os liderando equipos\\u201d, \\u201cManagement pontificio\\u201d, \\u201cRoma, escuela de directivos\\u201d, \\u201cPatolog\\u00edas en las organizaciones\\\" o \\u201cLa soledad del directivo\\u201d.\",\"url\":\"https:\/\/glocalthinking.com\/en\/author\/javierfernandezaguado\/\"}]}<\/script>\n<!-- \/ Yoast SEO plugin. -->","yoast_head_json":{"title":"Managing in VUCA Environments - Glocalthinking","robots":{"index":"index","follow":"follow","max-snippet":"max-snippet:-1","max-image-preview":"max-image-preview:large","max-video-preview":"max-video-preview:-1"},"canonical":"https:\/\/glocalthinking.com\/en\/managing-in-vuca-environments\/","og_locale":"en_US","og_type":"article","og_title":"Managing in VUCA Environments - Glocalthinking","og_description":"The life of human beings on earth has always been vulnerable, uncertain, complex and ambiguous. The difference between today and earlier times is that we are more aware due to the technical means available.","og_url":"https:\/\/glocalthinking.com\/en\/managing-in-vuca-environments\/","og_site_name":"Glocalthinking","article_published_time":"2016-10-11T11:58:36+00:00","article_modified_time":"2021-08-31T10:39:31+00:00","og_image":[{"width":1024,"height":512,"url":"https:\/\/glocalthinking.com\/wp-content\/uploads\/2021\/08\/managing-in-vuca-environments-meta4.png","path":"\/var\/www\/vhosts\/glocalthinking.com\/httpdocs\/wp-content\/uploads\/2021\/08\/managing-in-vuca-environments-meta4.png","size":"full","id":2125,"alt":"","pixels":524288,"type":"image\/png"}],"twitter_card":"summary_large_image","twitter_misc":{"Written by":"Javier Fern\u00e1ndez Aguado","Est. reading time":"3 minutes"},"schema":{"@context":"https:\/\/schema.org","@graph":[{"@type":"WebSite","@id":"https:\/\/glocalthinking.com\/#website","url":"https:\/\/glocalthinking.com\/","name":"Glocalthinking","description":"Un espacio para los profesionales de RRHH","potentialAction":[{"@type":"SearchAction","target":{"@type":"EntryPoint","urlTemplate":"https:\/\/glocalthinking.com\/?s={search_term_string}"},"query-input":"required name=search_term_string"}],"inLanguage":"en-US"},{"@type":"ImageObject","@id":"https:\/\/glocalthinking.com\/en\/managing-in-vuca-environments\/#primaryimage","inLanguage":"en-US","url":"https:\/\/glocalthinking.com\/wp-content\/uploads\/2021\/08\/managing-in-vuca-environments-meta4.png","contentUrl":"https:\/\/glocalthinking.com\/wp-content\/uploads\/2021\/08\/managing-in-vuca-environments-meta4.png","width":1024,"height":512},{"@type":"WebPage","@id":"https:\/\/glocalthinking.com\/en\/managing-in-vuca-environments\/#webpage","url":"https:\/\/glocalthinking.com\/en\/managing-in-vuca-environments\/","name":"Managing in VUCA Environments - Glocalthinking","isPartOf":{"@id":"https:\/\/glocalthinking.com\/#website"},"primaryImageOfPage":{"@id":"https:\/\/glocalthinking.com\/en\/managing-in-vuca-environments\/#primaryimage"},"datePublished":"2016-10-11T11:58:36+00:00","dateModified":"2021-08-31T10:39:31+00:00","author":{"@id":"https:\/\/glocalthinking.com\/#\/schema\/person\/658f2767eab5d88af9a77512be6e8ace"},"breadcrumb":{"@id":"https:\/\/glocalthinking.com\/en\/managing-in-vuca-environments\/#breadcrumb"},"inLanguage":"en-US","potentialAction":[{"@type":"ReadAction","target":["https:\/\/glocalthinking.com\/en\/managing-in-vuca-environments\/"]}]},{"@type":"BreadcrumbList","@id":"https:\/\/glocalthinking.com\/en\/managing-in-vuca-environments\/#breadcrumb","itemListElement":[{"@type":"ListItem","position":1,"name":"Home","item":"https:\/\/glocalthinking.com\/en\/"},{"@type":"ListItem","position":2,"name":"Managing in VUCA Environments"}]},{"@type":"Person","@id":"https:\/\/glocalthinking.com\/#\/schema\/person\/658f2767eab5d88af9a77512be6e8ace","name":"Javier Fern\u00e1ndez Aguado","image":{"@type":"ImageObject","@id":"https:\/\/glocalthinking.com\/#personlogo","inLanguage":"en-US","url":"https:\/\/glocalthinking.com\/wp-content\/uploads\/2021\/08\/javierf-64-96x96.jpg","contentUrl":"https:\/\/glocalthinking.com\/wp-content\/uploads\/2021\/08\/javierf-64-96x96.jpg","caption":"Javier Fern\u00e1ndez Aguado"},"description":"Javier Fern\u00e1ndez Aguado es uno de los mayores expertos contempor\u00e1neos en Gobierno de personas y organizaciones, adem\u00e1s de ser uno de los conferenciantes m\u00e1s solicitados a nivel internacional. Es Socio Director de MindValue (www.mindvalue.com), firma especializada en servicios profesionales para la Alta Direcci\u00f3n, miembro del www.protagonistas.org y Premio Peter Drucker. Autor de 70 libros, la mitad en colaboraci\u00f3n. Entre otros: \u201cEntrevista a Arist\u00f3teles\u201d, \u201c2000 a\u00f1os liderando equipos\u201d, \u201cManagement pontificio\u201d, \u201cRoma, escuela de directivos\u201d, \u201cPatolog\u00edas en las organizaciones\" o \u201cLa soledad del directivo\u201d.","url":"https:\/\/glocalthinking.com\/en\/author\/javierfernandezaguado\/"}]}},"_links":{"self":[{"href":"https:\/\/glocalthinking.com\/en\/wp-json\/wp\/v2\/posts\/5474","targetHints":{"allow":["GET"]}}],"collection":[{"href":"https:\/\/glocalthinking.com\/en\/wp-json\/wp\/v2\/posts"}],"about":[{"href":"https:\/\/glocalthinking.com\/en\/wp-json\/wp\/v2\/types\/post"}],"author":[{"embeddable":true,"href":"https:\/\/glocalthinking.com\/en\/wp-json\/wp\/v2\/users\/19"}],"replies":[{"embeddable":true,"href":"https:\/\/glocalthinking.com\/en\/wp-json\/wp\/v2\/comments?post=5474"}],"version-history":[{"count":1,"href":"https:\/\/glocalthinking.com\/en\/wp-json\/wp\/v2\/posts\/5474\/revisions"}],"predecessor-version":[{"id":7833,"href":"https:\/\/glocalthinking.com\/en\/wp-json\/wp\/v2\/posts\/5474\/revisions\/7833"}],"wp:featuredmedia":[{"embeddable":true,"href":"https:\/\/glocalthinking.com\/en\/wp-json\/wp\/v2\/media\/2125"}],"wp:attachment":[{"href":"https:\/\/glocalthinking.com\/en\/wp-json\/wp\/v2\/media?parent=5474"}],"wp:term":[{"taxonomy":"category","embeddable":true,"href":"https:\/\/glocalthinking.com\/en\/wp-json\/wp\/v2\/categories?post=5474"},{"taxonomy":"post_tag","embeddable":true,"href":"https:\/\/glocalthinking.com\/en\/wp-json\/wp\/v2\/tags?post=5474"}],"curies":[{"name":"wp","href":"https:\/\/api.w.org\/{rel}","templated":true}]}}