{"id":5469,"date":"2016-11-15T11:26:35","date_gmt":"2016-11-15T11:26:35","guid":{"rendered":"https:\/\/glocalthinking.com\/we-all-dream-of-changing-the-world\/"},"modified":"2021-08-31T10:39:30","modified_gmt":"2021-08-31T10:39:30","slug":"we-all-dream-of-changing-the-world","status":"publish","type":"post","link":"https:\/\/glocalthinking.com\/en\/we-all-dream-of-changing-the-world\/","title":{"rendered":"We all Dream of Changing the World"},"content":{"rendered":"<p style=\"text-align: justify;\"><em>By Susana Mozo (<\/em><em>&nbsp;Global SaaS Client Manager<\/em><em>)<\/em><\/p>\n<p style=\"text-align: justify;\">Companies and in particular their HR departments have an incredible power: they can shroud their business activities in a unique halo and charisma that can transform any company\u2014 however traditional\u2014 into a modern, engaged and valued company.<\/p>\n<p><!--more--><\/p>\n<h2 style=\"text-align: justify;\">Social&nbsp;responsibility must begin with our own employees<\/h2>\n<p style=\"text-align: justify;\">A key ingredient in the recipe for success and recognition is <a href=\"http:\/\/www.glocalthinking.com\/en\/corporate-social-responsibility-csr-implications-for-hr\/\">Corporate Social Responsibility (CSR)<\/a>. A company giving back to society a share of what it has received opens a path into the hearts of its fellow citizens, and more importantly, its employees. At the end of the day, we are all for good people and at some point or other we\u2019ve dreamt of doing our bit to change the world.<\/p>\n<p style=\"text-align: justify;\">It is true that CSR is often associated with large organizations wishing to minimize or rectify the impact of their operations on society. But if we are responsible, since we are individuals, is it simply because we want some of our work and results to go towards improving our environment? And what if we ourselves begin to be socially responsible in our work environment?<\/p>\n<p style=\"text-align: justify;\">However well-defined an external CSR policy is, it won\u2019t hold up if it doesn\u2019t come with social responsibility towards our own employees. By proving to our workers that they are vital for our company\u2019s good results and that our HR policies focus on achieving excellence which will be championed and rewarded, a return on investment is delivered very shortly. The intangible benefits we can gain, sure enough include improvement in employee motivation and improvement of the working environment. Furthermore, there are very easily measurable tangible benefits too: reduced absenteeism, increased talent retention and attraction, and lower production costs.<\/p>\n<p style=\"text-align: justify;\">Evidently the implementation projects must adapt to the characteristics of our business, results and workforce size. The goal must focus on making life easier for your employees and their families, given the broad reach which could have a deep impact on both the internal and external perception of the company.<\/p>\n<p style=\"text-align: justify;\">Accessibility projects, the transformation of our company into one that\u2019s family-friendly, or the creation of a healthy work environment, are some of the actions of a company engaged with their employees and how a company starts to become engaged with society.<\/p>\n<p style=\"text-align: justify;\">This is human nature: we typically love whoever loves us, whoever makes our lives easier and cares about us. A company that does not devote itself to their workforce will not be able to make their employees engaged. This simply goes against nature. Yet, for a company that does not love itself, it is hard for it to be loved by others. That\u2019s why creating a policy for internal responsibility to strengthen cohesion, collaboration and work well done is ideal for cultivating a successful and long-lasting business.<\/p>\n","protected":false},"excerpt":{"rendered":"<p>We all Dream of Changing the World<\/p>\n","protected":false},"author":27,"featured_media":2115,"comment_status":"open","ping_status":"open","sticky":false,"template":"","format":"standard","meta":{"footnotes":""},"categories":[350,347],"tags":[266,250,77,251],"class_list":["post-5469","post","type-post","status-publish","format-standard","has-post-thumbnail","hentry","category-global-hr","category-hr-trends","tag-corporate-hr","tag-global-hr","tag-hr-trends","tag-leadership-skills"],"yoast_head":"<!-- This site is optimized with the Yoast SEO plugin v17.1 - https:\/\/yoast.com\/wordpress\/plugins\/seo\/ -->\n<title>We all Dream of Changing the World - Glocalthinking<\/title>\n<meta name=\"robots\" content=\"index, follow, max-snippet:-1, max-image-preview:large, max-video-preview:-1\" \/>\n<link rel=\"canonical\" href=\"https:\/\/glocalthinking.com\/en\/we-all-dream-of-changing-the-world\/\" \/>\n<meta property=\"og:locale\" content=\"en_US\" \/>\n<meta property=\"og:type\" content=\"article\" \/>\n<meta property=\"og:title\" content=\"We all Dream of Changing the World - Glocalthinking\" \/>\n<meta property=\"og:description\" content=\"We all Dream of Changing the World\" \/>\n<meta property=\"og:url\" content=\"https:\/\/glocalthinking.com\/en\/we-all-dream-of-changing-the-world\/\" \/>\n<meta property=\"og:site_name\" content=\"Glocalthinking\" \/>\n<meta property=\"article:published_time\" content=\"2016-11-15T11:26:35+00:00\" \/>\n<meta property=\"article:modified_time\" content=\"2021-08-31T10:39:30+00:00\" \/>\n<meta property=\"og:image\" content=\"https:\/\/glocalthinking.com\/wp-content\/uploads\/2021\/08\/we-all-dream-of-changing-the-world-meta4.png\" \/>\n\t<meta property=\"og:image:width\" content=\"1024\" \/>\n\t<meta property=\"og:image:height\" content=\"512\" \/>\n<meta name=\"twitter:card\" content=\"summary_large_image\" \/>\n<meta name=\"twitter:label1\" content=\"Written by\" \/>\n\t<meta name=\"twitter:data1\" content=\"Editorial\" \/>\n\t<meta name=\"twitter:label2\" content=\"Est. reading time\" \/>\n\t<meta name=\"twitter:data2\" content=\"2 minutes\" \/>\n<script type=\"application\/ld+json\" class=\"yoast-schema-graph\">{\"@context\":\"https:\/\/schema.org\",\"@graph\":[{\"@type\":\"WebSite\",\"@id\":\"https:\/\/glocalthinking.com\/#website\",\"url\":\"https:\/\/glocalthinking.com\/\",\"name\":\"Glocalthinking\",\"description\":\"Un espacio para los profesionales de RRHH\",\"potentialAction\":[{\"@type\":\"SearchAction\",\"target\":{\"@type\":\"EntryPoint\",\"urlTemplate\":\"https:\/\/glocalthinking.com\/?s={search_term_string}\"},\"query-input\":\"required name=search_term_string\"}],\"inLanguage\":\"en-US\"},{\"@type\":\"ImageObject\",\"@id\":\"https:\/\/glocalthinking.com\/en\/we-all-dream-of-changing-the-world\/#primaryimage\",\"inLanguage\":\"en-US\",\"url\":\"https:\/\/glocalthinking.com\/wp-content\/uploads\/2021\/08\/we-all-dream-of-changing-the-world-meta4.png\",\"contentUrl\":\"https:\/\/glocalthinking.com\/wp-content\/uploads\/2021\/08\/we-all-dream-of-changing-the-world-meta4.png\",\"width\":1024,\"height\":512},{\"@type\":\"WebPage\",\"@id\":\"https:\/\/glocalthinking.com\/en\/we-all-dream-of-changing-the-world\/#webpage\",\"url\":\"https:\/\/glocalthinking.com\/en\/we-all-dream-of-changing-the-world\/\",\"name\":\"We all Dream of Changing the World - Glocalthinking\",\"isPartOf\":{\"@id\":\"https:\/\/glocalthinking.com\/#website\"},\"primaryImageOfPage\":{\"@id\":\"https:\/\/glocalthinking.com\/en\/we-all-dream-of-changing-the-world\/#primaryimage\"},\"datePublished\":\"2016-11-15T11:26:35+00:00\",\"dateModified\":\"2021-08-31T10:39:30+00:00\",\"author\":{\"@id\":\"https:\/\/glocalthinking.com\/#\/schema\/person\/b6c28951fc34b05935d96beb5cb4d94a\"},\"breadcrumb\":{\"@id\":\"https:\/\/glocalthinking.com\/en\/we-all-dream-of-changing-the-world\/#breadcrumb\"},\"inLanguage\":\"en-US\",\"potentialAction\":[{\"@type\":\"ReadAction\",\"target\":[\"https:\/\/glocalthinking.com\/en\/we-all-dream-of-changing-the-world\/\"]}]},{\"@type\":\"BreadcrumbList\",\"@id\":\"https:\/\/glocalthinking.com\/en\/we-all-dream-of-changing-the-world\/#breadcrumb\",\"itemListElement\":[{\"@type\":\"ListItem\",\"position\":1,\"name\":\"Home\",\"item\":\"https:\/\/glocalthinking.com\/en\/\"},{\"@type\":\"ListItem\",\"position\":2,\"name\":\"We all Dream of Changing the World\"}]},{\"@type\":\"Person\",\"@id\":\"https:\/\/glocalthinking.com\/#\/schema\/person\/b6c28951fc34b05935d96beb5cb4d94a\",\"name\":\"Editorial\",\"image\":{\"@type\":\"ImageObject\",\"@id\":\"https:\/\/glocalthinking.com\/#personlogo\",\"inLanguage\":\"en-US\",\"url\":\"https:\/\/glocalthinking.com\/wp-content\/uploads\/2025\/09\/Cegid-96x96.jpg\",\"contentUrl\":\"https:\/\/glocalthinking.com\/wp-content\/uploads\/2025\/09\/Cegid-96x96.jpg\",\"caption\":\"Editorial\"},\"description\":\"Nuestro equipo editorial est\\u00e1 compuesto por profesionales de diferentes pa\\u00edses de habla hispana, que cuentan con una amplia experiencia en el sector Tecnol\\u00f3gico de Recursos Humanos y con conocimientos que engloban diferentes disciplinas relacionadas con la gesti\\u00f3n del talento en las Organizaciones.\",\"url\":\"https:\/\/glocalthinking.com\/en\/author\/editorial\/\"}]}<\/script>\n<!-- \/ Yoast SEO plugin. -->","yoast_head_json":{"title":"We all Dream of Changing the World - Glocalthinking","robots":{"index":"index","follow":"follow","max-snippet":"max-snippet:-1","max-image-preview":"max-image-preview:large","max-video-preview":"max-video-preview:-1"},"canonical":"https:\/\/glocalthinking.com\/en\/we-all-dream-of-changing-the-world\/","og_locale":"en_US","og_type":"article","og_title":"We all Dream of Changing the World - Glocalthinking","og_description":"We all Dream of Changing the World","og_url":"https:\/\/glocalthinking.com\/en\/we-all-dream-of-changing-the-world\/","og_site_name":"Glocalthinking","article_published_time":"2016-11-15T11:26:35+00:00","article_modified_time":"2021-08-31T10:39:30+00:00","og_image":[{"width":1024,"height":512,"url":"https:\/\/glocalthinking.com\/wp-content\/uploads\/2021\/08\/we-all-dream-of-changing-the-world-meta4.png","path":"\/var\/www\/vhosts\/glocalthinking.com\/httpdocs\/wp-content\/uploads\/2021\/08\/we-all-dream-of-changing-the-world-meta4.png","size":"full","id":2115,"alt":"","pixels":524288,"type":"image\/png"}],"twitter_card":"summary_large_image","twitter_misc":{"Written by":"Editorial","Est. reading time":"2 minutes"},"schema":{"@context":"https:\/\/schema.org","@graph":[{"@type":"WebSite","@id":"https:\/\/glocalthinking.com\/#website","url":"https:\/\/glocalthinking.com\/","name":"Glocalthinking","description":"Un espacio para los profesionales de RRHH","potentialAction":[{"@type":"SearchAction","target":{"@type":"EntryPoint","urlTemplate":"https:\/\/glocalthinking.com\/?s={search_term_string}"},"query-input":"required name=search_term_string"}],"inLanguage":"en-US"},{"@type":"ImageObject","@id":"https:\/\/glocalthinking.com\/en\/we-all-dream-of-changing-the-world\/#primaryimage","inLanguage":"en-US","url":"https:\/\/glocalthinking.com\/wp-content\/uploads\/2021\/08\/we-all-dream-of-changing-the-world-meta4.png","contentUrl":"https:\/\/glocalthinking.com\/wp-content\/uploads\/2021\/08\/we-all-dream-of-changing-the-world-meta4.png","width":1024,"height":512},{"@type":"WebPage","@id":"https:\/\/glocalthinking.com\/en\/we-all-dream-of-changing-the-world\/#webpage","url":"https:\/\/glocalthinking.com\/en\/we-all-dream-of-changing-the-world\/","name":"We all Dream of Changing the World - Glocalthinking","isPartOf":{"@id":"https:\/\/glocalthinking.com\/#website"},"primaryImageOfPage":{"@id":"https:\/\/glocalthinking.com\/en\/we-all-dream-of-changing-the-world\/#primaryimage"},"datePublished":"2016-11-15T11:26:35+00:00","dateModified":"2021-08-31T10:39:30+00:00","author":{"@id":"https:\/\/glocalthinking.com\/#\/schema\/person\/b6c28951fc34b05935d96beb5cb4d94a"},"breadcrumb":{"@id":"https:\/\/glocalthinking.com\/en\/we-all-dream-of-changing-the-world\/#breadcrumb"},"inLanguage":"en-US","potentialAction":[{"@type":"ReadAction","target":["https:\/\/glocalthinking.com\/en\/we-all-dream-of-changing-the-world\/"]}]},{"@type":"BreadcrumbList","@id":"https:\/\/glocalthinking.com\/en\/we-all-dream-of-changing-the-world\/#breadcrumb","itemListElement":[{"@type":"ListItem","position":1,"name":"Home","item":"https:\/\/glocalthinking.com\/en\/"},{"@type":"ListItem","position":2,"name":"We all Dream of Changing the World"}]},{"@type":"Person","@id":"https:\/\/glocalthinking.com\/#\/schema\/person\/b6c28951fc34b05935d96beb5cb4d94a","name":"Editorial","image":{"@type":"ImageObject","@id":"https:\/\/glocalthinking.com\/#personlogo","inLanguage":"en-US","url":"https:\/\/glocalthinking.com\/wp-content\/uploads\/2025\/09\/Cegid-96x96.jpg","contentUrl":"https:\/\/glocalthinking.com\/wp-content\/uploads\/2025\/09\/Cegid-96x96.jpg","caption":"Editorial"},"description":"Nuestro equipo editorial est\u00e1 compuesto por profesionales de diferentes pa\u00edses de habla hispana, que cuentan con una amplia experiencia en el sector Tecnol\u00f3gico de Recursos Humanos y con conocimientos que engloban diferentes disciplinas relacionadas con la gesti\u00f3n del talento en las Organizaciones.","url":"https:\/\/glocalthinking.com\/en\/author\/editorial\/"}]}},"_links":{"self":[{"href":"https:\/\/glocalthinking.com\/en\/wp-json\/wp\/v2\/posts\/5469","targetHints":{"allow":["GET"]}}],"collection":[{"href":"https:\/\/glocalthinking.com\/en\/wp-json\/wp\/v2\/posts"}],"about":[{"href":"https:\/\/glocalthinking.com\/en\/wp-json\/wp\/v2\/types\/post"}],"author":[{"embeddable":true,"href":"https:\/\/glocalthinking.com\/en\/wp-json\/wp\/v2\/users\/27"}],"replies":[{"embeddable":true,"href":"https:\/\/glocalthinking.com\/en\/wp-json\/wp\/v2\/comments?post=5469"}],"version-history":[{"count":1,"href":"https:\/\/glocalthinking.com\/en\/wp-json\/wp\/v2\/posts\/5469\/revisions"}],"predecessor-version":[{"id":7828,"href":"https:\/\/glocalthinking.com\/en\/wp-json\/wp\/v2\/posts\/5469\/revisions\/7828"}],"wp:featuredmedia":[{"embeddable":true,"href":"https:\/\/glocalthinking.com\/en\/wp-json\/wp\/v2\/media\/2115"}],"wp:attachment":[{"href":"https:\/\/glocalthinking.com\/en\/wp-json\/wp\/v2\/media?parent=5469"}],"wp:term":[{"taxonomy":"category","embeddable":true,"href":"https:\/\/glocalthinking.com\/en\/wp-json\/wp\/v2\/categories?post=5469"},{"taxonomy":"post_tag","embeddable":true,"href":"https:\/\/glocalthinking.com\/en\/wp-json\/wp\/v2\/tags?post=5469"}],"curies":[{"name":"wp","href":"https:\/\/api.w.org\/{rel}","templated":true}]}}