{"id":5420,"date":"2017-11-02T07:52:14","date_gmt":"2017-11-02T07:52:14","guid":{"rendered":"https:\/\/glocalthinking.com\/what-is-and-isnt-diversity-management\/"},"modified":"2021-08-31T10:39:17","modified_gmt":"2021-08-31T10:39:17","slug":"what-is-and-isnt-diversity-management","status":"publish","type":"post","link":"https:\/\/glocalthinking.com\/en\/what-is-and-isnt-diversity-management\/","title":{"rendered":"What Is and Isn\u2019t Diversity Management?"},"content":{"rendered":"<p style=\"text-align: justify;\"><span style=\"color: #000000;\"><strong>Diversity<\/strong> has been surging into the scene with force in companies for years. Managing diversity has become a critical task for HR departments for at least tree reasons:<\/span><\/p>\n<p><!--more--><\/p>\n<ol>\n<li><span style=\"color: #000000;\">The available workforce is increasingly diverse and this is reflected in the increasingly heterogeneous nature of the people within our organizations.<\/span><\/li>\n<li><span style=\"color: #000000;\">The market demands new services and innovative approaches. It is much easier to respond to this changing demand with diverse employees. From this point of view, managing diversity is not only accepting the incontrovertible fact that we develop our activity in a plural <\/span>society,<span style=\"color: #000000;\"> but above all taking advantage of the <\/span>opportunities<span style=\"color: #000000;\"> this situation offers us as a way to improve our competitiveness.<\/span><\/li>\n<li><span style=\"color: #000000;\">The policies we design in our companies to deal with diversity rely on beliefs that strengthen or weaken our actions in this field. Here I put forward some reflections on what diversity management is and isn\u2019t.<\/span><\/li>\n<\/ol>\n<p style=\"text-align: justify;\"><span style=\"color: #ff6600;\"><strong>WHAT IS NOT<\/strong><\/span><\/p>\n<ul>\n<li style=\"text-align: justify;\"><span style=\"color: #000000;\"><strong>To think that the diverse ones are the others.<\/strong> Describing someone as diverse is someone who is different from me. Think of as &#8220;normal&#8221; whoever is included in my age group, my culture of origin, my socio-economic environment, etc. It\u2019s the other ones who must be managed as diverse.<\/span><\/li>\n<li style=\"text-align: justify;\"><span style=\"color: #000000;\"><strong>Be patronizing<\/strong> or gracefully cede small spaces of power to &#8220;diverse&#8221; people or groups. Handle the differences on the sidelines, while the core of decision making is restricted to homogeneous groups.<\/span><\/li>\n<li style=\"text-align: justify;\"><span style=\"color: #000000;\"><strong>Managing diversity as a sign of benevolence<\/strong>. Thinking that this way I treat other people or groups with generosity.<\/span><\/li>\n<li style=\"text-align: justify;\"><span style=\"color: #000000;\"><strong>De-dramatize the differences through light-hearted comments<\/strong> or jokes that do away with the solemnity among each group\u2019s stereotypes and ease tensions in possible conflicts.<\/span><\/li>\n<\/ul>\n<p style=\"text-align: justify;\"><span style=\"color: #008000;\"><strong>WHAT IT IS<\/strong><\/span><\/p>\n<ul>\n<li style=\"text-align: justify;\"><span style=\"color: #000000;\"><strong>Accept diversity begins with self<\/strong>. If someone is different to me, notice this means that I am perceived as different by him or her. Managing diversity works in all directions.<\/span><\/li>\n<li style=\"text-align: justify;\"><span style=\"color: #000000;\"><strong>To value people for their input<\/strong>, for the originality of their ideas, for the results they achieve, without conditioning judgment by personal or group characteristics that have nothing to do with the work they do.<\/span><\/li>\n<li style=\"text-align: justify;\"><span style=\"color: #000000;\"><strong>Managing diversity as a sign of intelligence<\/strong>. When we handle differences well, who benefits first are ourselves. This allows us to capture the best talent of each <\/span>generation,<span style=\"color: #000000;\"> since we do not seek it only in those who are like us, but wherever the talent is, regardless of the characteristics that define that person.<\/span><\/li>\n<li style=\"text-align: justify;\"><span style=\"color: #000000;\"><strong>Total rejection of all forms of discrimination<\/strong>. If a sentence begins with expressions such as: &#8220;I am not macho, but &#8230;; I&#8217;m not racist, but &#8230; &#8220;, then it\u2019s better not to say it. And of course, there should be zero tolerance with any expression of harassment.<\/span><\/li>\n<\/ul>\n<p style=\"text-align: justify;\"><span style=\"color: #000000;\">Businesses can do much to improve (or degrade) the society we live in. The battle against fanaticism and intolerance is fought in the great spaces of socialization: school and work <\/span>centers<span style=\"color: #000000;\">. When we see discrimination growing due to identity reasons, when conflicts arise out of the rejection of difference and the attempt to impose unified thought, then we become aware that we are educating our children as &#8220;we&#8221; as opposed to &#8220;them&#8221; and that we are spending long hours in work environments where diversity is discriminated against. Managing diversity not only benefits the company, but it has a powerful impact on society as a whole. Social responsibility begins with oneself, at home. The good news is that companies, regardless of budget lines for CSR, can provide a service of incalculable value to the society where employees come from and to which products and services are directed.<\/span><\/p>\n<p>&nbsp;<\/p>\n<p>\n <!--HubSpot Call-to-Action Code -->{{cta(&#8217;49e2e337-f6a6-43da-9015-5d18c79d25bc&#8217;)}}<br \/>\n <!-- end HubSpot Call-to-Action Code --><\/p>\n","protected":false},"excerpt":{"rendered":"<p>What Is and Isn\u2019t Diversity Management?<\/p>\n","protected":false},"author":13,"featured_media":2017,"comment_status":"open","ping_status":"open","sticky":false,"template":"","format":"standard","meta":{"footnotes":""},"categories":[350],"tags":[231,250,255,269],"class_list":["post-5420","post","type-post","status-publish","format-standard","has-post-thumbnail","hentry","category-global-hr","tag-featured","tag-global-hr","tag-people-management","tag-workforce-management"],"yoast_head":"<!-- This site is optimized with the Yoast SEO plugin v17.1 - https:\/\/yoast.com\/wordpress\/plugins\/seo\/ -->\n<title>What Is and Isn\u2019t Diversity Management? - Glocalthinking<\/title>\n<meta name=\"robots\" content=\"index, follow, max-snippet:-1, max-image-preview:large, max-video-preview:-1\" \/>\n<link rel=\"canonical\" href=\"https:\/\/glocalthinking.com\/en\/what-is-and-isnt-diversity-management\/\" \/>\n<meta property=\"og:locale\" content=\"en_US\" \/>\n<meta property=\"og:type\" content=\"article\" \/>\n<meta property=\"og:title\" content=\"What Is and Isn\u2019t Diversity Management? - Glocalthinking\" \/>\n<meta property=\"og:description\" content=\"What Is and Isn\u2019t Diversity Management?\" \/>\n<meta property=\"og:url\" content=\"https:\/\/glocalthinking.com\/en\/what-is-and-isnt-diversity-management\/\" \/>\n<meta property=\"og:site_name\" content=\"Glocalthinking\" \/>\n<meta property=\"article:published_time\" content=\"2017-11-02T07:52:14+00:00\" \/>\n<meta property=\"article:modified_time\" content=\"2021-08-31T10:39:17+00:00\" \/>\n<meta property=\"og:image\" content=\"https:\/\/glocalthinking.com\/wp-content\/uploads\/2021\/08\/what-is-and-isnt-diversity-management-meta4-2.jpg\" \/>\n\t<meta property=\"og:image:width\" content=\"1024\" \/>\n\t<meta property=\"og:image:height\" content=\"512\" \/>\n<meta name=\"twitter:card\" content=\"summary_large_image\" \/>\n<meta name=\"twitter:label1\" content=\"Written by\" \/>\n\t<meta name=\"twitter:data1\" content=\"Jos\u00e9 Aguilar\" \/>\n\t<meta name=\"twitter:label2\" content=\"Est. reading time\" \/>\n\t<meta name=\"twitter:data2\" content=\"3 minutes\" \/>\n<script type=\"application\/ld+json\" class=\"yoast-schema-graph\">{\"@context\":\"https:\/\/schema.org\",\"@graph\":[{\"@type\":\"WebSite\",\"@id\":\"https:\/\/glocalthinking.com\/#website\",\"url\":\"https:\/\/glocalthinking.com\/\",\"name\":\"Glocalthinking\",\"description\":\"Un espacio para los profesionales de RRHH\",\"potentialAction\":[{\"@type\":\"SearchAction\",\"target\":{\"@type\":\"EntryPoint\",\"urlTemplate\":\"https:\/\/glocalthinking.com\/?s={search_term_string}\"},\"query-input\":\"required name=search_term_string\"}],\"inLanguage\":\"en-US\"},{\"@type\":\"ImageObject\",\"@id\":\"https:\/\/glocalthinking.com\/en\/what-is-and-isnt-diversity-management\/#primaryimage\",\"inLanguage\":\"en-US\",\"url\":\"https:\/\/glocalthinking.com\/wp-content\/uploads\/2021\/08\/what-is-and-isnt-diversity-management-meta4-2.jpg\",\"contentUrl\":\"https:\/\/glocalthinking.com\/wp-content\/uploads\/2021\/08\/what-is-and-isnt-diversity-management-meta4-2.jpg\",\"width\":1024,\"height\":512},{\"@type\":\"WebPage\",\"@id\":\"https:\/\/glocalthinking.com\/en\/what-is-and-isnt-diversity-management\/#webpage\",\"url\":\"https:\/\/glocalthinking.com\/en\/what-is-and-isnt-diversity-management\/\",\"name\":\"What Is and Isn\\u2019t Diversity Management? - Glocalthinking\",\"isPartOf\":{\"@id\":\"https:\/\/glocalthinking.com\/#website\"},\"primaryImageOfPage\":{\"@id\":\"https:\/\/glocalthinking.com\/en\/what-is-and-isnt-diversity-management\/#primaryimage\"},\"datePublished\":\"2017-11-02T07:52:14+00:00\",\"dateModified\":\"2021-08-31T10:39:17+00:00\",\"author\":{\"@id\":\"https:\/\/glocalthinking.com\/#\/schema\/person\/3f59c3b360b1c0272ffe1a6a15541ecb\"},\"breadcrumb\":{\"@id\":\"https:\/\/glocalthinking.com\/en\/what-is-and-isnt-diversity-management\/#breadcrumb\"},\"inLanguage\":\"en-US\",\"potentialAction\":[{\"@type\":\"ReadAction\",\"target\":[\"https:\/\/glocalthinking.com\/en\/what-is-and-isnt-diversity-management\/\"]}]},{\"@type\":\"BreadcrumbList\",\"@id\":\"https:\/\/glocalthinking.com\/en\/what-is-and-isnt-diversity-management\/#breadcrumb\",\"itemListElement\":[{\"@type\":\"ListItem\",\"position\":1,\"name\":\"Home\",\"item\":\"https:\/\/glocalthinking.com\/en\/\"},{\"@type\":\"ListItem\",\"position\":2,\"name\":\"What Is and Isn\\u2019t Diversity Management?\"}]},{\"@type\":\"Person\",\"@id\":\"https:\/\/glocalthinking.com\/#\/schema\/person\/3f59c3b360b1c0272ffe1a6a15541ecb\",\"name\":\"Jos\\u00e9 Aguilar\",\"image\":{\"@type\":\"ImageObject\",\"@id\":\"https:\/\/glocalthinking.com\/#personlogo\",\"inLanguage\":\"en-US\",\"url\":\"https:\/\/glocalthinking.com\/wp-content\/uploads\/2021\/08\/joseaguilar-14-96x96.jpg\",\"contentUrl\":\"https:\/\/glocalthinking.com\/wp-content\/uploads\/2021\/08\/joseaguilar-14-96x96.jpg\",\"caption\":\"Jos\\u00e9 Aguilar\"},\"description\":\"Jos\\u00e9 Aguilar L\\u00f3pez es Doctor en Filosof\\u00eda (PhD) y Programa de desarrollo directivo (PDD) por el IESE. Socio Director de MindValue. Imparte seminarios y cursos numerosas Universidades y Escuelas de Negocios de Europa y Am\\u00e9rica. En 2006 obtuvo, junto a Javier Fern\\u00e1ndez Aguado, el premio del Management Internacional Forum al mejor libro de Management del a\\u00f1o, por la obra conjunta \\u201cLa soledad del directivo\\u201d (Lid, Madrid, 2006). Ha participado, en calidad de autor, coordinador o coautor en los trece libros. Es colaborador habitual en diarios, revistas de informaci\\u00f3n econ\\u00f3mica, radio y TV. Jos\\u00e9 Aguilar is a Managing Partner of MindValue - a company specialized in professional services for C-level management - and the VP of the International Association of Management Studies (Asociaci\\u00f3n Internacional de Estudios sobre Management - ASIEMA). He is also a management coach and a senior member of the club, Top Ten Management Spain. He is recognized as one of the key Spanish experts in change management consultancy and training.\",\"url\":\"https:\/\/glocalthinking.com\/en\/author\/joseaguilar\/\"}]}<\/script>\n<!-- \/ Yoast SEO plugin. -->","yoast_head_json":{"title":"What Is and Isn\u2019t Diversity Management? - Glocalthinking","robots":{"index":"index","follow":"follow","max-snippet":"max-snippet:-1","max-image-preview":"max-image-preview:large","max-video-preview":"max-video-preview:-1"},"canonical":"https:\/\/glocalthinking.com\/en\/what-is-and-isnt-diversity-management\/","og_locale":"en_US","og_type":"article","og_title":"What Is and Isn\u2019t Diversity Management? - Glocalthinking","og_description":"What Is and Isn\u2019t Diversity Management?","og_url":"https:\/\/glocalthinking.com\/en\/what-is-and-isnt-diversity-management\/","og_site_name":"Glocalthinking","article_published_time":"2017-11-02T07:52:14+00:00","article_modified_time":"2021-08-31T10:39:17+00:00","og_image":[{"width":1024,"height":512,"url":"https:\/\/glocalthinking.com\/wp-content\/uploads\/2021\/08\/what-is-and-isnt-diversity-management-meta4-2.jpg","path":"\/var\/www\/vhosts\/glocalthinking.com\/httpdocs\/wp-content\/uploads\/2021\/08\/what-is-and-isnt-diversity-management-meta4-2.jpg","size":"full","id":2017,"alt":"","pixels":524288,"type":"image\/jpeg"}],"twitter_card":"summary_large_image","twitter_misc":{"Written by":"Jos\u00e9 Aguilar","Est. reading time":"3 minutes"},"schema":{"@context":"https:\/\/schema.org","@graph":[{"@type":"WebSite","@id":"https:\/\/glocalthinking.com\/#website","url":"https:\/\/glocalthinking.com\/","name":"Glocalthinking","description":"Un espacio para los profesionales de RRHH","potentialAction":[{"@type":"SearchAction","target":{"@type":"EntryPoint","urlTemplate":"https:\/\/glocalthinking.com\/?s={search_term_string}"},"query-input":"required name=search_term_string"}],"inLanguage":"en-US"},{"@type":"ImageObject","@id":"https:\/\/glocalthinking.com\/en\/what-is-and-isnt-diversity-management\/#primaryimage","inLanguage":"en-US","url":"https:\/\/glocalthinking.com\/wp-content\/uploads\/2021\/08\/what-is-and-isnt-diversity-management-meta4-2.jpg","contentUrl":"https:\/\/glocalthinking.com\/wp-content\/uploads\/2021\/08\/what-is-and-isnt-diversity-management-meta4-2.jpg","width":1024,"height":512},{"@type":"WebPage","@id":"https:\/\/glocalthinking.com\/en\/what-is-and-isnt-diversity-management\/#webpage","url":"https:\/\/glocalthinking.com\/en\/what-is-and-isnt-diversity-management\/","name":"What Is and Isn\u2019t Diversity Management? - Glocalthinking","isPartOf":{"@id":"https:\/\/glocalthinking.com\/#website"},"primaryImageOfPage":{"@id":"https:\/\/glocalthinking.com\/en\/what-is-and-isnt-diversity-management\/#primaryimage"},"datePublished":"2017-11-02T07:52:14+00:00","dateModified":"2021-08-31T10:39:17+00:00","author":{"@id":"https:\/\/glocalthinking.com\/#\/schema\/person\/3f59c3b360b1c0272ffe1a6a15541ecb"},"breadcrumb":{"@id":"https:\/\/glocalthinking.com\/en\/what-is-and-isnt-diversity-management\/#breadcrumb"},"inLanguage":"en-US","potentialAction":[{"@type":"ReadAction","target":["https:\/\/glocalthinking.com\/en\/what-is-and-isnt-diversity-management\/"]}]},{"@type":"BreadcrumbList","@id":"https:\/\/glocalthinking.com\/en\/what-is-and-isnt-diversity-management\/#breadcrumb","itemListElement":[{"@type":"ListItem","position":1,"name":"Home","item":"https:\/\/glocalthinking.com\/en\/"},{"@type":"ListItem","position":2,"name":"What Is and Isn\u2019t Diversity Management?"}]},{"@type":"Person","@id":"https:\/\/glocalthinking.com\/#\/schema\/person\/3f59c3b360b1c0272ffe1a6a15541ecb","name":"Jos\u00e9 Aguilar","image":{"@type":"ImageObject","@id":"https:\/\/glocalthinking.com\/#personlogo","inLanguage":"en-US","url":"https:\/\/glocalthinking.com\/wp-content\/uploads\/2021\/08\/joseaguilar-14-96x96.jpg","contentUrl":"https:\/\/glocalthinking.com\/wp-content\/uploads\/2021\/08\/joseaguilar-14-96x96.jpg","caption":"Jos\u00e9 Aguilar"},"description":"Jos\u00e9 Aguilar L\u00f3pez es Doctor en Filosof\u00eda (PhD) y Programa de desarrollo directivo (PDD) por el IESE. Socio Director de MindValue. Imparte seminarios y cursos numerosas Universidades y Escuelas de Negocios de Europa y Am\u00e9rica. En 2006 obtuvo, junto a Javier Fern\u00e1ndez Aguado, el premio del Management Internacional Forum al mejor libro de Management del a\u00f1o, por la obra conjunta \u201cLa soledad del directivo\u201d (Lid, Madrid, 2006). Ha participado, en calidad de autor, coordinador o coautor en los trece libros. Es colaborador habitual en diarios, revistas de informaci\u00f3n econ\u00f3mica, radio y TV. Jos\u00e9 Aguilar is a Managing Partner of MindValue - a company specialized in professional services for C-level management - and the VP of the International Association of Management Studies (Asociaci\u00f3n Internacional de Estudios sobre Management - ASIEMA). He is also a management coach and a senior member of the club, Top Ten Management Spain. He is recognized as one of the key Spanish experts in change management consultancy and training.","url":"https:\/\/glocalthinking.com\/en\/author\/joseaguilar\/"}]}},"_links":{"self":[{"href":"https:\/\/glocalthinking.com\/en\/wp-json\/wp\/v2\/posts\/5420","targetHints":{"allow":["GET"]}}],"collection":[{"href":"https:\/\/glocalthinking.com\/en\/wp-json\/wp\/v2\/posts"}],"about":[{"href":"https:\/\/glocalthinking.com\/en\/wp-json\/wp\/v2\/types\/post"}],"author":[{"embeddable":true,"href":"https:\/\/glocalthinking.com\/en\/wp-json\/wp\/v2\/users\/13"}],"replies":[{"embeddable":true,"href":"https:\/\/glocalthinking.com\/en\/wp-json\/wp\/v2\/comments?post=5420"}],"version-history":[{"count":1,"href":"https:\/\/glocalthinking.com\/en\/wp-json\/wp\/v2\/posts\/5420\/revisions"}],"predecessor-version":[{"id":7779,"href":"https:\/\/glocalthinking.com\/en\/wp-json\/wp\/v2\/posts\/5420\/revisions\/7779"}],"wp:featuredmedia":[{"embeddable":true,"href":"https:\/\/glocalthinking.com\/en\/wp-json\/wp\/v2\/media\/2017"}],"wp:attachment":[{"href":"https:\/\/glocalthinking.com\/en\/wp-json\/wp\/v2\/media?parent=5420"}],"wp:term":[{"taxonomy":"category","embeddable":true,"href":"https:\/\/glocalthinking.com\/en\/wp-json\/wp\/v2\/categories?post=5420"},{"taxonomy":"post_tag","embeddable":true,"href":"https:\/\/glocalthinking.com\/en\/wp-json\/wp\/v2\/tags?post=5420"}],"curies":[{"name":"wp","href":"https:\/\/api.w.org\/{rel}","templated":true}]}}